{"id":11182,"date":"2020-01-09T12:24:01","date_gmt":"2020-01-09T12:24:01","guid":{"rendered":"https:\/\/sharecontrol.io\/uncategorized-da\/erfaringer-med-implementering-af-ifrs-16\/"},"modified":"2024-05-16T12:08:25","modified_gmt":"2024-05-16T12:08:25","slug":"erfaringer-med-implementering-af-ifrs-16","status":"publish","type":"post","link":"https:\/\/sharecontrol.io\/da\/ifrs-16-da\/erfaringer-med-implementering-af-ifrs-16\/","title":{"rendered":"Erfaringer med implementering af IFRS 16"},"content":{"rendered":"<h1 class=\"wp-block-heading\" id=\"vores-erfaringer-med-ifrs-16-implementering\">Vores erfaringer med IFRS 16 implementering<\/h1>\n<p><em>Dette er et uddrag af en artikel skrevet af Terje Glesaaen i samarbejde med KPMG-partner Serge Fj\u00e6rvoll. Den blev udgivet i den faglige publikation <a href=\"https:\/\/www.revregn.no\/journal\/2019\/8\/rr08-2019-1741\/IFRS_16_%E2%80%93_erfaringer_og_veien_videre\/\" target=\"_blank\" rel=\"noreferrer noopener\">&#8220;Revisjon og regsanding&#8221; i december 2019<\/a>.<\/em><\/p>\n\n<p><em>F\u00f8rste del er baseret p\u00e5 interviews med virksomheder, der har gennemg\u00e5et en omfattende implementering af IFRS 16 i 2018 og begyndelsen af \u200b\u200b2019 med forskellige typer softwarel\u00f8sninger.<\/em><\/p>\n<h2 class=\"wp-block-heading\" id=\"ifrs-16-har-vaeret-en-omfattende-regnskabsstandard-at-implementere\">IFRS 16 har v\u00e6ret en omfattende regnskabsstandard at implementere <\/h2>\n<p>Flere virksomheder har ikke overblik over ressourceforbrug under en <a href=\"https:\/\/sharecontrol.io\/da\/ifrs-16-da\/implementering-af-ifrs-16-foer-boersnotering\/\">IFRS 16 implementering<\/a> og af dem, der ville give et sk\u00f8n, var det laveste sk\u00f8n en fjerdedel af et \u00e5rsv\u00e6rk (internt plus eksternt). Nogle oplyste, at der var mange mennesker og funktioner involveret, b\u00e5de centralt p\u00e5 gruppeniveau og ude i enhederne. Virksomhederne har i begr\u00e6nset omfang brugt eksterne regnskabsr\u00e5dgivere, men stillet sp\u00f8rgsm\u00e5l til deres revisor og deltaget i eksterne kurser. <\/p>\n\n<p>Mange virksomheder, vi har talt med, havde anskaffet eksternt udviklet software til kortl\u00e6gning og beregninger. De oplevede, at der skete \u00e6ndringer i systemerne undervejs, og at ingen leverand\u00f8rer havde f\u00e6rdigudviklede l\u00f8sninger. Virksomheder, der valgte et integreret system, som blev videreudviklet specielt til den p\u00e5g\u00e6ldende virksomhed, brugte mange ressourcer p\u00e5 kvalitetssikring, og at de skulle betale for udviklingen. <\/p>\n\n<p>Det meste tyder p\u00e5, at det samlede ressourceforbrug var h\u00f8jere end forventet. <\/p>\n<h2 class=\"wp-block-heading\" id=\"organisation-og-traening\">Organisation og tr\u00e6ning <\/h2>\n<p>Alle de virksomheder, vi talte med, havde enten en projektgruppe, eller fik instruktioner og vejledning fra gruppen. Forretningsomr\u00e5der eller enheder fik ansvar for kortl\u00e6gning og vurdering i st\u00f8rre eller mindre omfang. Nogle l\u00e6ste kontrakter og lavede beregninger p\u00e5 gruppeniveau. <\/p>\n\n<p>Flere af de interviewede virksomheder har en decentral rapporteringsstruktur, hvor de er afh\u00e6ngige af rapportering fra datterselskaber. Vi forst\u00e5r, at tr\u00e6ning og forst\u00e5else af, hvad der skal rapporteres, har v\u00e6ret tidskr\u00e6vende. <a href=\"https:\/\/sharecontrol.io\/da\/ifrs-16-da\/hvad-er-ifrs-16\/\">IFRS 16<\/a> har effekt p\u00e5 mange indberetningsenheder og kan n\u00e6ppe indtastes &#8220;\u00f8verst&#8221; i konsolideringen uden at blive fordelt p\u00e5 enhederne. P\u00e5 den anden side kan IFRS 16 i mange tilf\u00e6lde ikke anvendes i lokale regnskaber. Adskillelse af disse effekter kr\u00e6ver separate elimineringsenheder, kladder og separate konti. <\/p>\n\n<p>Efter implementering er der behov for at registrere nye kontrakter og redeg\u00f8re for \u00e6ndringer i kontrakter. Dette skaber et l\u00f8bende behov for at fokusere p\u00e5 IFRS 16 i organisationen. <\/p>\n<h2 class=\"wp-block-heading\" id=\"ifrs-16-implementering-valg-og-metode\">IFRS 16 implementering &#8211; valg og metode <\/h2>\n<p>Alle, vi har talt med, har brugt en modificeret retrospektiv metode. Endvidere er der ingen klare f\u00e6llesn\u00e6vnere, for hvilke der er valgt praktiske undtagelser og tilpasninger. Mange har valgt ikke at medtage korte kontrakter og aktiver med lav v\u00e6rdi. Serviceelementer (typisk f\u00e6llesomkostninger) er indregnet i de i balancen indregnede lejebel\u00f8b, portef\u00f8ljevurderinger er anvendt og visse lejem\u00e5l er beregnet tilbage i tid for at opn\u00e5 lavere afskrivninger fremadrettet. <\/p>\n\n<div style=\"height:30px\" aria-hidden=\"true\" class=\"wp-block-spacer\"><\/div>\n\n<div class=\"wp-block-uagb-image uagb-block-251a4727 wp-block-uagb-image--layout-default wp-block-uagb-image--effect-static wp-block-uagb-image--align-none\"><figure class=\"wp-block-uagb-image__figure\"><img decoding=\"async\" srcset=\"https:\/\/sharecontrol.io\/wp-content\/uploads\/2023\/09\/ShareControl-IFRS-16-1024x548.jpg ,https:\/\/sharecontrol.io\/wp-content\/uploads\/2023\/09\/ShareControl-IFRS-16.jpg 780w, https:\/\/sharecontrol.io\/wp-content\/uploads\/2023\/09\/ShareControl-IFRS-16.jpg 360w\" sizes=\"auto, (max-width: 480px) 150px\" src=\"https:\/\/sharecontrol.io\/wp-content\/uploads\/2023\/09\/ShareControl-IFRS-16-1024x548.jpg\" alt=\"ShareControl IFRS 16 dashboard.\" class=\"uag-image-9832\" width=\"1024\" height=\"548\" title=\"\" loading=\"lazy\" role=\"img\"\/><\/figure><\/div>\n\n<div style=\"height:30px\" aria-hidden=\"true\" class=\"wp-block-spacer\"><\/div>\n<h2 class=\"wp-block-heading\" id=\"oversigt-over-lejeaftaler\">Oversigt over lejeaftaler <\/h2>\n<p>Virksomheder med decentralt resultatansvar og struktur har i mange tilf\u00e6lde ikke haft centrale kontraktregistre og har tidligere v\u00e6ret afh\u00e6ngig af indberetning fra virksomhederne til noteoplysninger om kontraktlige forpligtelser i henhold til IAS 17. Med indf\u00f8relsen af \u200b\u200bIFRS 16 har en almindelig metode v\u00e6ret at gennemg\u00e5 hovedbogen for at identificere leasingaftalerne. Der var hurtigt behov for systemer til at registrere kontrakter og oplysninger til at foretage <a href=\"https:\/\/sharecontrol.io\/da\/ifrs-16-da\/ifrs-16-beregning\/\">IFRS 16-beregninger<\/a>. Tidligere indhentede oplysninger viste sig at v\u00e6re utilstr\u00e6kkelige, og flere af virksomhederne fik dermed et bedre overblik efter kontraktgennemgangen. <\/p>\n\n<p>Virksomheder, der har mange lejeaftaler fra samme leverand\u00f8r(er), har i nogen grad aftalt, at leverand\u00f8ren\/leverand\u00f8rerne skal levere periodiske oversigter over lejeaftaler med n\u00f8gleoplysninger, som virksomheden anvender til at opdatere sine beregninger. Dette kan v\u00e6re relevant for billeasing og maskiner og udstyr, der lejes i st\u00f8rre m\u00e6ngder til projekter. <\/p>\n<h2 class=\"wp-block-heading\" id=\"nye-krav-til-rutiner-og-intern-kontrol-og-rapportering-fremadrettet\">Nye krav til rutiner og intern kontrol og rapportering fremadrettet <\/h2>\n<p>De virksomheder, vi har interviewet, har i begr\u00e6nset omfang etableret og dokumenteret politikker og procedurer for at identificere og h\u00e5ndtere \u00e6ndringer, afg\u00f8re, om der er \u00e6ndringer, der p\u00e5virker resultatet eller balancen og foretage nye beregninger. Det er noget virksomhederne vil arbejde videre med i fremtiden og er en del af virksomhedens IFRS 16 implementering. Det kan v\u00e6re kompliceret og kr\u00e6ver en god forst\u00e5else af standarden, og det vil v\u00e6re en fordel, hvis komplicerede \u00e6ndringer i beregningerne kun foretages af et mindre antal personer med tilstr\u00e6kkelig indsigt i IFRS 16. <\/p>\n\n<p>Data og specifikationer for noteoplysninger og supplerende oplysninger til \u00e5rsregnskabet 2019 har i mindre grad v\u00e6ret i fokus for virksomhederne under implementeringen. Nogle vil tilpasse den interne rapportpakke til \u00e5rsregnskabsrapportering for at bringe yderligere data ind. <\/p>\n\n<p><strong>L\u00e6s mere om <a href=\"https:\/\/sharecontrol.io\/da\/produkter\/ifrs-16-system\/\">ShareControl IFRS 16 software<\/a><\/strong><\/p>\n\n<p><a href=\"https:\/\/sharecontrol.io\/da\/kontakt-os\/\">Vi er her for at hj\u00e6lpe dig! Kontakt os allerede i dag &gt;&gt;<\/a><\/p>\n","protected":false},"excerpt":{"rendered":"<p>Vores erfaringer med IFRS 16 implementering Dette er et uddrag af en artikel skrevet af Terje Glesaaen i samarbejde med KPMG-partner Serge Fj\u00e6rvoll. Den blev udgivet i den faglige publikation &#8220;Revisjon og regsanding&#8221; i december 2019. F\u00f8rste del er baseret p\u00e5 interviews med virksomheder, der har gennemg\u00e5et en omfattende implementering af IFRS 16 i 2018 &#8230; <a title=\"Erfaringer med implementering af IFRS 16\" class=\"read-more\" href=\"https:\/\/sharecontrol.io\/da\/ifrs-16-da\/erfaringer-med-implementering-af-ifrs-16\/\" aria-label=\"Read more about Erfaringer med implementering af IFRS 16\">L\u00e6s Mere<\/a><\/p>\n","protected":false},"author":5,"featured_media":11189,"comment_status":"closed","ping_status":"open","sticky":false,"template":"","format":"standard","meta":{"content-type":"","_uag_custom_page_level_css":"","footnotes":""},"categories":[30],"tags":[],"class_list":["post-11182","post","type-post","status-publish","format-standard","has-post-thumbnail","hentry","category-ifrs-16-da","generate-columns","tablet-grid-50","mobile-grid-100","grid-parent","grid-50"],"yoast_head":"<!-- This site is optimized with the Yoast SEO plugin v27.2 - https:\/\/yoast.com\/product\/yoast-seo-wordpress\/ -->\n<title>Implementering af IFRS 16 - Share Control<\/title>\n<meta name=\"description\" content=\"Erfaringer med implementering af IFRS 16. En omfattende standard at forholde sig til. Det er vigtigt at afs\u00e6tte tilstr\u00e6kkelige ressourcer.\" \/>\n<meta name=\"robots\" content=\"index, follow, max-snippet:-1, max-image-preview:large, max-video-preview:-1\" \/>\n<link rel=\"canonical\" href=\"https:\/\/sharecontrol.io\/da\/ifrs-16-da\/erfaringer-med-implementering-af-ifrs-16\/\" \/>\n<meta property=\"og:locale\" content=\"da_DK\" \/>\n<meta property=\"og:type\" content=\"article\" \/>\n<meta property=\"og:title\" content=\"Implementering af IFRS 16 - Share Control\" \/>\n<meta property=\"og:description\" content=\"Erfaringer med implementering af IFRS 16. En omfattende standard at forholde sig til. Det er vigtigt at afs\u00e6tte tilstr\u00e6kkelige ressourcer.\" \/>\n<meta property=\"og:url\" content=\"https:\/\/sharecontrol.io\/da\/ifrs-16-da\/erfaringer-med-implementering-af-ifrs-16\/\" \/>\n<meta property=\"og:site_name\" content=\"ShareControl\" \/>\n<meta property=\"article:published_time\" content=\"2020-01-09T12:24:01+00:00\" \/>\n<meta property=\"article:modified_time\" content=\"2024-05-16T12:08:25+00:00\" \/>\n<meta property=\"og:image\" content=\"https:\/\/sharecontrol.io\/wp-content\/uploads\/2020\/01\/Experiences-with-the-implementation-of-IFRS-16.jpg\" \/>\n\t<meta property=\"og:image:width\" content=\"800\" \/>\n\t<meta property=\"og:image:height\" content=\"500\" \/>\n\t<meta property=\"og:image:type\" content=\"image\/jpeg\" \/>\n<meta name=\"author\" content=\"Ragnar Bryne\" \/>\n<meta name=\"twitter:card\" content=\"summary_large_image\" \/>\n<meta name=\"twitter:label1\" content=\"Skrevet af\" \/>\n\t<meta name=\"twitter:data1\" content=\"Ragnar Bryne\" \/>\n\t<meta name=\"twitter:label2\" content=\"Estimeret l\u00e6setid\" \/>\n\t<meta name=\"twitter:data2\" content=\"5 minutter\" \/>\n<script type=\"application\/ld+json\" class=\"yoast-schema-graph\">{\"@context\":\"https:\/\/schema.org\",\"@graph\":[{\"@type\":\"Article\",\"@id\":\"https:\/\/sharecontrol.io\/da\/ifrs-16-da\/erfaringer-med-implementering-af-ifrs-16\/#article\",\"isPartOf\":{\"@id\":\"https:\/\/sharecontrol.io\/da\/ifrs-16-da\/erfaringer-med-implementering-af-ifrs-16\/\"},\"author\":{\"name\":\"Ragnar Bryne\",\"@id\":\"https:\/\/sharecontrol.io\/da\/#\/schema\/person\/99f5e6698beb16989a49823ce163432f\"},\"headline\":\"Erfaringer med implementering af IFRS 16\",\"datePublished\":\"2020-01-09T12:24:01+00:00\",\"dateModified\":\"2024-05-16T12:08:25+00:00\",\"mainEntityOfPage\":{\"@id\":\"https:\/\/sharecontrol.io\/da\/ifrs-16-da\/erfaringer-med-implementering-af-ifrs-16\/\"},\"wordCount\":784,\"publisher\":{\"@id\":\"https:\/\/sharecontrol.io\/da\/#organization\"},\"image\":{\"@id\":\"https:\/\/sharecontrol.io\/da\/ifrs-16-da\/erfaringer-med-implementering-af-ifrs-16\/#primaryimage\"},\"thumbnailUrl\":\"https:\/\/sharecontrol.io\/wp-content\/uploads\/2020\/01\/Experiences-with-the-implementation-of-IFRS-16.jpg\",\"articleSection\":[\"IFRS 16\"],\"inLanguage\":\"da-DK\"},{\"@type\":\"WebPage\",\"@id\":\"https:\/\/sharecontrol.io\/da\/ifrs-16-da\/erfaringer-med-implementering-af-ifrs-16\/\",\"url\":\"https:\/\/sharecontrol.io\/da\/ifrs-16-da\/erfaringer-med-implementering-af-ifrs-16\/\",\"name\":\"Implementering af IFRS 16 - Share Control\",\"isPartOf\":{\"@id\":\"https:\/\/sharecontrol.io\/da\/#website\"},\"primaryImageOfPage\":{\"@id\":\"https:\/\/sharecontrol.io\/da\/ifrs-16-da\/erfaringer-med-implementering-af-ifrs-16\/#primaryimage\"},\"image\":{\"@id\":\"https:\/\/sharecontrol.io\/da\/ifrs-16-da\/erfaringer-med-implementering-af-ifrs-16\/#primaryimage\"},\"thumbnailUrl\":\"https:\/\/sharecontrol.io\/wp-content\/uploads\/2020\/01\/Experiences-with-the-implementation-of-IFRS-16.jpg\",\"datePublished\":\"2020-01-09T12:24:01+00:00\",\"dateModified\":\"2024-05-16T12:08:25+00:00\",\"description\":\"Erfaringer med implementering af IFRS 16. En omfattende standard at forholde sig til. Det er vigtigt at afs\u00e6tte tilstr\u00e6kkelige ressourcer.\",\"breadcrumb\":{\"@id\":\"https:\/\/sharecontrol.io\/da\/ifrs-16-da\/erfaringer-med-implementering-af-ifrs-16\/#breadcrumb\"},\"inLanguage\":\"da-DK\",\"potentialAction\":[{\"@type\":\"ReadAction\",\"target\":[\"https:\/\/sharecontrol.io\/da\/ifrs-16-da\/erfaringer-med-implementering-af-ifrs-16\/\"]}]},{\"@type\":\"ImageObject\",\"inLanguage\":\"da-DK\",\"@id\":\"https:\/\/sharecontrol.io\/da\/ifrs-16-da\/erfaringer-med-implementering-af-ifrs-16\/#primaryimage\",\"url\":\"https:\/\/sharecontrol.io\/wp-content\/uploads\/2020\/01\/Experiences-with-the-implementation-of-IFRS-16.jpg\",\"contentUrl\":\"https:\/\/sharecontrol.io\/wp-content\/uploads\/2020\/01\/Experiences-with-the-implementation-of-IFRS-16.jpg\",\"width\":800,\"height\":500},{\"@type\":\"BreadcrumbList\",\"@id\":\"https:\/\/sharecontrol.io\/da\/ifrs-16-da\/erfaringer-med-implementering-af-ifrs-16\/#breadcrumb\",\"itemListElement\":[{\"@type\":\"ListItem\",\"position\":1,\"name\":\"Home\",\"item\":\"https:\/\/sharecontrol.io\/da\/\"},{\"@type\":\"ListItem\",\"position\":2,\"name\":\"IFRS 16\",\"item\":\"https:\/\/sharecontrol.io\/da\/category\/ifrs-16-da\/\"},{\"@type\":\"ListItem\",\"position\":3,\"name\":\"Erfaringer med implementering af IFRS 16\"}]},{\"@type\":\"WebSite\",\"@id\":\"https:\/\/sharecontrol.io\/da\/#website\",\"url\":\"https:\/\/sharecontrol.io\/da\/\",\"name\":\"ShareControl\",\"description\":\"\",\"publisher\":{\"@id\":\"https:\/\/sharecontrol.io\/da\/#organization\"},\"potentialAction\":[{\"@type\":\"SearchAction\",\"target\":{\"@type\":\"EntryPoint\",\"urlTemplate\":\"https:\/\/sharecontrol.io\/da\/?s={search_term_string}\"},\"query-input\":{\"@type\":\"PropertyValueSpecification\",\"valueRequired\":true,\"valueName\":\"search_term_string\"}}],\"inLanguage\":\"da-DK\"},{\"@type\":\"Organization\",\"@id\":\"https:\/\/sharecontrol.io\/da\/#organization\",\"name\":\"ShareControl\",\"url\":\"https:\/\/sharecontrol.io\/da\/\",\"logo\":{\"@type\":\"ImageObject\",\"inLanguage\":\"da-DK\",\"@id\":\"https:\/\/sharecontrol.io\/da\/#\/schema\/logo\/image\/\",\"url\":\"https:\/\/sharecontrol.io\/wp-content\/uploads\/2022\/05\/cropped-logo-sc-default-minified-small.png\",\"contentUrl\":\"https:\/\/sharecontrol.io\/wp-content\/uploads\/2022\/05\/cropped-logo-sc-default-minified-small.png\",\"width\":900,\"height\":200,\"caption\":\"ShareControl\"},\"image\":{\"@id\":\"https:\/\/sharecontrol.io\/da\/#\/schema\/logo\/image\/\"}},{\"@type\":\"Person\",\"@id\":\"https:\/\/sharecontrol.io\/da\/#\/schema\/person\/99f5e6698beb16989a49823ce163432f\",\"name\":\"Ragnar Bryne\",\"description\":\"Ragnar Bryne er partner og gr\u00fcnder i Share Control. Ragnar har mer enn 35 \u00e5rs allsidig erfaring fra ulike lederstillinger i en rekke st\u00f8rre nasjonale og internasjonale foretak, samt fra konsulentvirksomhet og gr\u00fcnder av IT-selskap. Erfaring ogs\u00e5 fra KPMG og EY. Siden 2014 har han v\u00e6rt gr\u00fcnder og eier av Share Control og har v\u00e6rt en sterk st\u00f8ttespiller til selskapets virksomhet, produkter og kunder.\",\"sameAs\":[\"https:\/\/sharecontrol.io\",\"https:\/\/www.linkedin.com\/in\/ragnar-bryne-5267023\/\"],\"url\":\"https:\/\/sharecontrol.io\/da\/author\/ragnar\/\"}]}<\/script>\n<!-- \/ Yoast SEO plugin. -->","yoast_head_json":{"title":"Implementering af IFRS 16 - Share Control","description":"Erfaringer med implementering af IFRS 16. En omfattende standard at forholde sig til. Det er vigtigt at afs\u00e6tte tilstr\u00e6kkelige ressourcer.","robots":{"index":"index","follow":"follow","max-snippet":"max-snippet:-1","max-image-preview":"max-image-preview:large","max-video-preview":"max-video-preview:-1"},"canonical":"https:\/\/sharecontrol.io\/da\/ifrs-16-da\/erfaringer-med-implementering-af-ifrs-16\/","og_locale":"da_DK","og_type":"article","og_title":"Implementering af IFRS 16 - Share Control","og_description":"Erfaringer med implementering af IFRS 16. En omfattende standard at forholde sig til. Det er vigtigt at afs\u00e6tte tilstr\u00e6kkelige ressourcer.","og_url":"https:\/\/sharecontrol.io\/da\/ifrs-16-da\/erfaringer-med-implementering-af-ifrs-16\/","og_site_name":"ShareControl","article_published_time":"2020-01-09T12:24:01+00:00","article_modified_time":"2024-05-16T12:08:25+00:00","og_image":[{"width":800,"height":500,"url":"https:\/\/sharecontrol.io\/wp-content\/uploads\/2020\/01\/Experiences-with-the-implementation-of-IFRS-16.jpg","type":"image\/jpeg"}],"author":"Ragnar Bryne","twitter_card":"summary_large_image","twitter_misc":{"Skrevet af":"Ragnar Bryne","Estimeret l\u00e6setid":"5 minutter"},"schema":{"@context":"https:\/\/schema.org","@graph":[{"@type":"Article","@id":"https:\/\/sharecontrol.io\/da\/ifrs-16-da\/erfaringer-med-implementering-af-ifrs-16\/#article","isPartOf":{"@id":"https:\/\/sharecontrol.io\/da\/ifrs-16-da\/erfaringer-med-implementering-af-ifrs-16\/"},"author":{"name":"Ragnar Bryne","@id":"https:\/\/sharecontrol.io\/da\/#\/schema\/person\/99f5e6698beb16989a49823ce163432f"},"headline":"Erfaringer med implementering af IFRS 16","datePublished":"2020-01-09T12:24:01+00:00","dateModified":"2024-05-16T12:08:25+00:00","mainEntityOfPage":{"@id":"https:\/\/sharecontrol.io\/da\/ifrs-16-da\/erfaringer-med-implementering-af-ifrs-16\/"},"wordCount":784,"publisher":{"@id":"https:\/\/sharecontrol.io\/da\/#organization"},"image":{"@id":"https:\/\/sharecontrol.io\/da\/ifrs-16-da\/erfaringer-med-implementering-af-ifrs-16\/#primaryimage"},"thumbnailUrl":"https:\/\/sharecontrol.io\/wp-content\/uploads\/2020\/01\/Experiences-with-the-implementation-of-IFRS-16.jpg","articleSection":["IFRS 16"],"inLanguage":"da-DK"},{"@type":"WebPage","@id":"https:\/\/sharecontrol.io\/da\/ifrs-16-da\/erfaringer-med-implementering-af-ifrs-16\/","url":"https:\/\/sharecontrol.io\/da\/ifrs-16-da\/erfaringer-med-implementering-af-ifrs-16\/","name":"Implementering af IFRS 16 - Share Control","isPartOf":{"@id":"https:\/\/sharecontrol.io\/da\/#website"},"primaryImageOfPage":{"@id":"https:\/\/sharecontrol.io\/da\/ifrs-16-da\/erfaringer-med-implementering-af-ifrs-16\/#primaryimage"},"image":{"@id":"https:\/\/sharecontrol.io\/da\/ifrs-16-da\/erfaringer-med-implementering-af-ifrs-16\/#primaryimage"},"thumbnailUrl":"https:\/\/sharecontrol.io\/wp-content\/uploads\/2020\/01\/Experiences-with-the-implementation-of-IFRS-16.jpg","datePublished":"2020-01-09T12:24:01+00:00","dateModified":"2024-05-16T12:08:25+00:00","description":"Erfaringer med implementering af IFRS 16. En omfattende standard at forholde sig til. Det er vigtigt at afs\u00e6tte tilstr\u00e6kkelige ressourcer.","breadcrumb":{"@id":"https:\/\/sharecontrol.io\/da\/ifrs-16-da\/erfaringer-med-implementering-af-ifrs-16\/#breadcrumb"},"inLanguage":"da-DK","potentialAction":[{"@type":"ReadAction","target":["https:\/\/sharecontrol.io\/da\/ifrs-16-da\/erfaringer-med-implementering-af-ifrs-16\/"]}]},{"@type":"ImageObject","inLanguage":"da-DK","@id":"https:\/\/sharecontrol.io\/da\/ifrs-16-da\/erfaringer-med-implementering-af-ifrs-16\/#primaryimage","url":"https:\/\/sharecontrol.io\/wp-content\/uploads\/2020\/01\/Experiences-with-the-implementation-of-IFRS-16.jpg","contentUrl":"https:\/\/sharecontrol.io\/wp-content\/uploads\/2020\/01\/Experiences-with-the-implementation-of-IFRS-16.jpg","width":800,"height":500},{"@type":"BreadcrumbList","@id":"https:\/\/sharecontrol.io\/da\/ifrs-16-da\/erfaringer-med-implementering-af-ifrs-16\/#breadcrumb","itemListElement":[{"@type":"ListItem","position":1,"name":"Home","item":"https:\/\/sharecontrol.io\/da\/"},{"@type":"ListItem","position":2,"name":"IFRS 16","item":"https:\/\/sharecontrol.io\/da\/category\/ifrs-16-da\/"},{"@type":"ListItem","position":3,"name":"Erfaringer med implementering af IFRS 16"}]},{"@type":"WebSite","@id":"https:\/\/sharecontrol.io\/da\/#website","url":"https:\/\/sharecontrol.io\/da\/","name":"ShareControl","description":"","publisher":{"@id":"https:\/\/sharecontrol.io\/da\/#organization"},"potentialAction":[{"@type":"SearchAction","target":{"@type":"EntryPoint","urlTemplate":"https:\/\/sharecontrol.io\/da\/?s={search_term_string}"},"query-input":{"@type":"PropertyValueSpecification","valueRequired":true,"valueName":"search_term_string"}}],"inLanguage":"da-DK"},{"@type":"Organization","@id":"https:\/\/sharecontrol.io\/da\/#organization","name":"ShareControl","url":"https:\/\/sharecontrol.io\/da\/","logo":{"@type":"ImageObject","inLanguage":"da-DK","@id":"https:\/\/sharecontrol.io\/da\/#\/schema\/logo\/image\/","url":"https:\/\/sharecontrol.io\/wp-content\/uploads\/2022\/05\/cropped-logo-sc-default-minified-small.png","contentUrl":"https:\/\/sharecontrol.io\/wp-content\/uploads\/2022\/05\/cropped-logo-sc-default-minified-small.png","width":900,"height":200,"caption":"ShareControl"},"image":{"@id":"https:\/\/sharecontrol.io\/da\/#\/schema\/logo\/image\/"}},{"@type":"Person","@id":"https:\/\/sharecontrol.io\/da\/#\/schema\/person\/99f5e6698beb16989a49823ce163432f","name":"Ragnar Bryne","description":"Ragnar Bryne er partner og gr\u00fcnder i Share Control. Ragnar har mer enn 35 \u00e5rs allsidig erfaring fra ulike lederstillinger i en rekke st\u00f8rre nasjonale og internasjonale foretak, samt fra konsulentvirksomhet og gr\u00fcnder av IT-selskap. Erfaring ogs\u00e5 fra KPMG og EY. Siden 2014 har han v\u00e6rt gr\u00fcnder og eier av Share Control og har v\u00e6rt en sterk st\u00f8ttespiller til selskapets virksomhet, produkter og kunder.","sameAs":["https:\/\/sharecontrol.io","https:\/\/www.linkedin.com\/in\/ragnar-bryne-5267023\/"],"url":"https:\/\/sharecontrol.io\/da\/author\/ragnar\/"}]}},"uagb_featured_image_src":{"full":["https:\/\/sharecontrol.io\/wp-content\/uploads\/2020\/01\/Experiences-with-the-implementation-of-IFRS-16.jpg",800,500,false],"thumbnail":["https:\/\/sharecontrol.io\/wp-content\/uploads\/2020\/01\/Experiences-with-the-implementation-of-IFRS-16-150x150.jpg",150,150,true],"medium":["https:\/\/sharecontrol.io\/wp-content\/uploads\/2020\/01\/Experiences-with-the-implementation-of-IFRS-16-300x188.jpg",300,188,true],"medium_large":["https:\/\/sharecontrol.io\/wp-content\/uploads\/2020\/01\/Experiences-with-the-implementation-of-IFRS-16-768x480.jpg",768,480,true],"large":["https:\/\/sharecontrol.io\/wp-content\/uploads\/2020\/01\/Experiences-with-the-implementation-of-IFRS-16.jpg",800,500,false],"1536x1536":["https:\/\/sharecontrol.io\/wp-content\/uploads\/2020\/01\/Experiences-with-the-implementation-of-IFRS-16.jpg",800,500,false],"2048x2048":["https:\/\/sharecontrol.io\/wp-content\/uploads\/2020\/01\/Experiences-with-the-implementation-of-IFRS-16.jpg",800,500,false]},"uagb_author_info":{"display_name":"Ragnar Bryne","author_link":"https:\/\/sharecontrol.io\/da\/author\/ragnar\/"},"uagb_comment_info":0,"uagb_excerpt":"Vores erfaringer med IFRS 16 implementering Dette er et uddrag af en artikel skrevet af Terje Glesaaen i samarbejde med KPMG-partner Serge Fj\u00e6rvoll. Den blev udgivet i den faglige publikation &#8220;Revisjon og regsanding&#8221; i december 2019. F\u00f8rste del er baseret p\u00e5 interviews med virksomheder, der har gennemg\u00e5et en omfattende implementering af IFRS 16 i 2018&hellip;","_links":{"self":[{"href":"https:\/\/sharecontrol.io\/da\/wp-json\/wp\/v2\/posts\/11182","targetHints":{"allow":["GET"]}}],"collection":[{"href":"https:\/\/sharecontrol.io\/da\/wp-json\/wp\/v2\/posts"}],"about":[{"href":"https:\/\/sharecontrol.io\/da\/wp-json\/wp\/v2\/types\/post"}],"author":[{"embeddable":true,"href":"https:\/\/sharecontrol.io\/da\/wp-json\/wp\/v2\/users\/5"}],"replies":[{"embeddable":true,"href":"https:\/\/sharecontrol.io\/da\/wp-json\/wp\/v2\/comments?post=11182"}],"version-history":[{"count":3,"href":"https:\/\/sharecontrol.io\/da\/wp-json\/wp\/v2\/posts\/11182\/revisions"}],"predecessor-version":[{"id":14212,"href":"https:\/\/sharecontrol.io\/da\/wp-json\/wp\/v2\/posts\/11182\/revisions\/14212"}],"wp:featuredmedia":[{"embeddable":true,"href":"https:\/\/sharecontrol.io\/da\/wp-json\/wp\/v2\/media\/11189"}],"wp:attachment":[{"href":"https:\/\/sharecontrol.io\/da\/wp-json\/wp\/v2\/media?parent=11182"}],"wp:term":[{"taxonomy":"category","embeddable":true,"href":"https:\/\/sharecontrol.io\/da\/wp-json\/wp\/v2\/categories?post=11182"},{"taxonomy":"post_tag","embeddable":true,"href":"https:\/\/sharecontrol.io\/da\/wp-json\/wp\/v2\/tags?post=11182"}],"curies":[{"name":"wp","href":"https:\/\/api.w.org\/{rel}","templated":true}]}}