{"id":8796,"date":"2023-03-27T17:16:58","date_gmt":"2023-03-27T17:16:58","guid":{"rendered":"https:\/\/sharecontrol.io\/okategoriserad\/vad-ar-oppenhetslagen-och-vad-ar-ditt-ansvar\/"},"modified":"2024-09-20T05:56:06","modified_gmt":"2024-09-20T05:56:06","slug":"vad-ar-oppenhetslagen-och-vad-ar-ditt-ansvar","status":"publish","type":"post","link":"https:\/\/sharecontrol.io\/sv\/oppenhetslagen\/vad-ar-oppenhetslagen-och-vad-ar-ditt-ansvar\/","title":{"rendered":"Vad \u00e4r \u00f6ppenhetslagen och vad \u00e4r din skyldighet? Allt om \u00f6ppenhetslagen"},"content":{"rendered":"<h2 class=\"wp-block-heading\" id=\"vad-ar-oppenhetslagen\">Vad \u00e4r \u00f6ppenhetslagen?<\/h2>\n<p>\u00d6ppenhetslagen \u00e4r en norsk lag som tr\u00e4dde i kraft den 1 juli 2022. Lagen \u00e5l\u00e4gger medelstora och st\u00f6rre f\u00f6retag att kartl\u00e4gga risken f\u00f6r kr\u00e4nkningar av m\u00e4nskliga r\u00e4ttigheter i hela sin leverant\u00f6rskedja. Lagen kr\u00e4ver ocks\u00e5 att f\u00f6retagen rapporterar om fynden och \u00e5tg\u00e4rdar eventuella skador. Syftet med lagen \u00e4r att fr\u00e4mja f\u00f6retagens respekt f\u00f6r grundl\u00e4ggande m\u00e4nskliga r\u00e4ttigheter och anst\u00e4ndiga arbetsvillkor samt att s\u00e4kerst\u00e4lla allm\u00e4nhetens tillg\u00e5ng till information. <\/p>\n\n<p>I linje med \u00f6kad konsumentmedvetenhet och krav har flera norska organisationer, inklusive <a href=\"https:\/\/www.framtiden.no\/artikler\/fra-ide-til-aapenhetslov\" target=\"_blank\" rel=\"noreferrer noopener\">Fremtiden i v\u00e5re hender<\/a>, och myndigheterna tillsammans skapat den norska \u00f6ppenhetslagen. Planeringen av \u00f6ppenhetslagen <a href=\"https:\/\/www.regjeringen.no\/contentassets\/c33c3faf340441faa7388331a735f9d9\/no\/pdfs\/prp202020210150000dddpdfs.pdf\" target=\"_blank\" rel=\"noreferrer noopener\">startade redan 2016<\/a>, d\u00e5 Stortinget bad regeringen att utreda och bed\u00f6ma en lag om insyn kring produktionsplatser och etikinformation. \u00c5r 2021 antogs lagen av Stortinget och tr\u00e4dde i kraft den 1. juli 2022. I den h\u00e4r artikeln kan du l\u00e4sa vad som kr\u00e4vs enligt lagen om insyn i f\u00f6retag och arbete med grundl\u00e4ggande m\u00e4nskliga r\u00e4ttigheter och anst\u00e4ndiga arbetsvillkor (<a href=\"https:\/\/lovdata.no\/dokument\/NL\/lov\/2021-06-18-99\" target=\"_blank\" rel=\"noreferrer noopener\">R\u00e4ttsdata: \u00f6ppenhetslagen<\/a>).<\/p>\n\n<div style=\"height:40px\" aria-hidden=\"true\" class=\"wp-block-spacer\"><\/div>\n<h2 class=\"wp-block-heading\" id=\"vem-omfattas-av-lagstiftningen\">Vem omfattas av lagstiftningen?<\/h2>\n<p>\u00d6ppenhetslagen \u00e5l\u00e4gger medelstora och st\u00f6rre f\u00f6retag med hemvist i Norge att f\u00f6lja lagstiftningens krav. Utl\u00e4ndska f\u00f6retag som erbjuder varor och tj\u00e4nster i Norge och som \u00e4r skattskyldiga i Norge enligt norsk intern lagstiftning \u00e4r ocks\u00e5 skyldiga. <\/p>\n\n<p><strong>Verksamheter som omfattas av 1-5 \u00a7 bokf\u00f6ringslagen, eller \u00f6verskrider gr\u00e4nserna f\u00f6r tv\u00e5 av f\u00f6ljande tre villkor, omfattas av insynslagen: <\/strong><\/p>\n\n<ul class=\"wp-block-list\">\n<li>F\u00f6rs\u00e4ljningsint\u00e4kter: 70 miljoner kronor <\/li>\n\n\n\n<li>Balansr\u00e4kning: 35 miljoner kronor <\/li>\n\n\n\n<li>Medelantal anst\u00e4llda under verksamhets\u00e5ret: 50 \u00e5rsverken <\/li>\n<\/ul>\n\n<p>\u00c4ven om en verksamhet inte omfattas av lagen kan vissa av verksamhetens kunder eller leverant\u00f6rer vara det. Verksamheten ska d\u00e5 vara beredd att l\u00e4mna information om sin egen f\u00f6rs\u00f6rjningskedja om kunden beg\u00e4r det f\u00f6r att kunna fullg\u00f6ra sina egna skyldigheter enligt lagen.<\/p>\n<h3 class=\"wp-block-heading\" id=\"foretag-som-inte-erbjuder-varor-eller-tjanster\">F\u00f6retag som inte erbjuder varor eller tj\u00e4nster<\/h3>\n<p>Det finns flera f\u00f6retag som \u00e4r skattepliktiga i Norge, men som inte tillhandah\u00e5ller varor eller tj\u00e4nster och d\u00e4rf\u00f6r inte omfattas av lagen. Det kan till exempel vara holdingbolag som enligt punkterna ovan \u00f6verstiger f\u00f6rs\u00e4ljningsint\u00e4kter p\u00e5 \u00f6ver 70 miljoner NOK och en balansomslutning p\u00e5 35 miljoner NOK. I 2 \u00a7 lagen anges att man ska erbjuda varor eller tj\u00e4nster f\u00f6r att omfattas. Holdingbolaget i detta fall kommer d\u00e4rf\u00f6r inte att omfattas av lagen, eftersom de inte erbjuder varor eller tj\u00e4nster. <\/p>\n<h2 class=\"wp-block-heading\" id=\"vad-ar-din-plikt\">Vad \u00e4r din plikt?<\/h2>\n<figure class=\"wp-block-image size-full\"><img decoding=\"async\" width=\"800\" height=\"500\" src=\"https:\/\/sharecontrol.io\/wp-content\/uploads\/2023\/03\/Apenhetsloven-Hva-er-din-plikt.png\" alt=\"Illustration av kraven i &#xF6;ppenhetslagen: due diligence-bed&#xF6;mning, information &amp;amp; tillsyn, rapporteringsskyldighet\" class=\"wp-image-8764\" srcset=\"https:\/\/sharecontrol.io\/wp-content\/uploads\/2023\/03\/Apenhetsloven-Hva-er-din-plikt.png 800w, https:\/\/sharecontrol.io\/wp-content\/uploads\/2023\/03\/Apenhetsloven-Hva-er-din-plikt-300x188.png 300w, https:\/\/sharecontrol.io\/wp-content\/uploads\/2023\/03\/Apenhetsloven-Hva-er-din-plikt-768x480.png 768w\" sizes=\"(max-width: 800px) 100vw, 800px\" \/><\/figure>\n\n<p>\u00d6ppenhetslagen kr\u00e4ver att f\u00f6retag ska g\u00f6ra due diligence-bed\u00f6mningar av sina leverant\u00f6rer, publicera en \u00e5rsredovisning och l\u00e4mna information till alla som g\u00f6r en skriftlig beg\u00e4ran om det. Deadline \u00e4r inom 30 juni varje \u00e5r. Allm\u00e4nheten kan fortfarande h\u00f6ra av sig under hela \u00e5ret f\u00f6r att f\u00e5 information efter att <a href=\"https:\/\/sharecontrol.io\/apenhetsloven\/redegjorelsesfristen-naermer-seg\/\">anm\u00e4lningstiden<\/a> g\u00e5tt ut. <\/p>\n\n<div style=\"height:40px\" aria-hidden=\"true\" class=\"wp-block-spacer\"><\/div>\n<h2 class=\"wp-block-heading\" id=\"varfor-ar-oppenhetslagen-viktig\">Varf\u00f6r \u00e4r \u00f6ppenhetslagen viktig? <\/h2>\n<p>Sammantaget bidrar \u00f6ppenhetslagen till \u00f6kad transparens, ansvarighet och medvetenhet om <a href=\"https:\/\/sharecontrol.io\/sv\/oppenhetslagen\/grundlaeggande-maenskliga-raettigheter-och-anstaendiga-arbetsvillkor\/\">grundl\u00e4ggande m\u00e4nskliga r\u00e4ttigheter och anst\u00e4ndiga arbetsvillkor<\/a> i n\u00e4ringslivet. Detta kan leda till mer h\u00e5llbara och etiskt ansvarstagande f\u00f6retag och b\u00e4ttre skydd f\u00f6r arbetare och samh\u00e4llen som p\u00e5verkas av deras verksamhet. N\u00e5gra av f\u00f6rdelarna \u00e4r:<\/p>\n\n<div style=\"height:30px\" aria-hidden=\"true\" class=\"wp-block-spacer\"><\/div>\n\n<figure class=\"wp-block-image size-full\"><img decoding=\"async\" width=\"800\" height=\"500\" src=\"https:\/\/sharecontrol.io\/wp-content\/uploads\/2023\/03\/Hvorfor-er-Apenhetsloven-viktig_-.png\" alt=\"Illustration av lagen om insyn i n&#xE4;ringslivet och arbete med grundl&#xE4;ggande m&#xE4;nskliga r&#xE4;ttigheter och anst&#xE4;ndiga arbetsvillkor\" class=\"wp-image-8776\" srcset=\"https:\/\/sharecontrol.io\/wp-content\/uploads\/2023\/03\/Hvorfor-er-Apenhetsloven-viktig_-.png 800w, https:\/\/sharecontrol.io\/wp-content\/uploads\/2023\/03\/Hvorfor-er-Apenhetsloven-viktig_--300x188.png 300w, https:\/\/sharecontrol.io\/wp-content\/uploads\/2023\/03\/Hvorfor-er-Apenhetsloven-viktig_--768x480.png 768w\" sizes=\"(max-width: 800px) 100vw, 800px\" \/><\/figure>\n\n<div style=\"height:30px\" aria-hidden=\"true\" class=\"wp-block-spacer\"><\/div>\n<h3 class=\"wp-block-heading\" id=\"framja-grundlaggande-manskliga-rattigheter-och-anstandiga-arbetsvillkor\">Fr\u00e4mja grundl\u00e4ggande m\u00e4nskliga r\u00e4ttigheter och anst\u00e4ndiga arbetsvillkor: <\/h3>\n<p>Syftet med lagen \u00e4r att \u00f6ka f\u00f6retagens respekt f\u00f6r grundl\u00e4ggande m\u00e4nskliga r\u00e4ttigheter och anst\u00e4ndiga arbetsvillkor. Detta kan bidra till att f\u00f6rhindra eller begr\u00e4nsa <a href=\"https:\/\/sharecontrol.io\/apenhetsloven-landsrisiko-for-brudd-pa-menneskerettigheter\/\">risken <\/a>f\u00f6r <a href=\"https:\/\/sharecontrol.io\/sv\/oppenhetslagen\/negativa-konsekvenser-i-oppenhetslagen\/\">negativ p\u00e5verkan p\u00e5 m\u00e4nskliga r\u00e4ttigheter och d\u00e5liga arbetsvillkor<\/a> i leverant\u00f6rskedjor <a href=\"https:\/\/sharecontrol.io\/sv\/oppenhetslagen\/negativa-konsekvenser-i-oppenhetslagen\/\">och<\/a> f\u00f6retag.  <\/p>\n<h3 class=\"wp-block-heading\" id=\"okad-information-och-insikt\">\u00d6kad information och insikt: <\/h3>\n<p>Offentlighetslagen s\u00e4kerst\u00e4ller allm\u00e4nhetens tillg\u00e5ng till information om hur f\u00f6retag hanterar faktiska och potentiella negativa konsekvenser relaterade till sin verksamhet. Detta kan bidra till \u00f6kad medvetenhet och engagemang fr\u00e5n b\u00e5de kunder, investerare och andra intressenter. <\/p>\n\n<p>Samtidigt kr\u00e4ver lagen att verksamheterna ska offentligg\u00f6ra information om due diligence-bed\u00f6mningar och \u00e5tg\u00e4rder som vidtagits f\u00f6r att minska de faktiska eller potentiella negativa konsekvenserna. P\u00e5 s\u00e5 s\u00e4tt bidrar \u00f6ppenhetslagen till \u00f6kad ansvarsskyldighet och f\u00f6rtroende i f\u00f6rh\u00e5llande till deras aff\u00e4rsmetoder. <\/p>\n\n<div style=\"height:40px\" aria-hidden=\"true\" class=\"wp-block-spacer\"><\/div>\n<div class=\"gb-container gb-container-3ede9129\"><div class=\"gb-inside-container\">\n<div class=\"gb-container gb-container-0c113bb3\">\n<div class=\"gb-grid-wrapper gb-grid-wrapper-64b7069b\">\n<div class=\"gb-grid-column gb-grid-column-b3b1d960\"><div class=\"gb-container gb-container-b3b1d960\"><div class=\"gb-inside-container\">\n<h3 class=\"wp-block-heading alignwide has-text-align-left\" id=\"ladda-ner-guide-for-oppenhetsloven\"><mark style=\"background-color:rgba(0, 0, 0, 0)\" class=\"has-inline-color has-base-3-color\">Ladda ner guide f\u00f6r \u00f6ppenhetsloven<\/mark><\/h3>\n\n\n<p class=\"has-text-align-left has-base-3-color has-text-color\">F\u00e5 inblick i alla funktioner och processer som kan hj\u00e4lpa dig med hanteringen av \u00f6ppenhetsloven. Vi har skapat en komplett guide som tar dig fr\u00e5n f\u00f6rankring i styrelsen till due diligence-bed\u00f6mningar, riskbed\u00f6mning och rapportering. <\/p>\n\n\n\n<div class=\"wp-block-uagb-modal uagb-block-66ef4bf4 uagb-modal-wrapper\" data-escpress=\"enable\" data-overlayclick=\"enable\"><div class=\"uagb-spectra-button-wrapper wp-block-button\"><a class=\"uagb-modal-button-link wp-block-button__link uagb-modal-trigger\" href=\"#\" onclick=\"return false;\" target=\"_self\" rel=\"noopener noreferrer\"><span class=\"uagb-modal-content-wrapper\"><span class=\"uagb-inline-editing\">Last ned<\/span><svg xmlns=\"https:\/\/www.w3.org\/2000\/svg\" viewBox=\"0 0 448 512\"><path d=\"M438.6 278.6l-160 160C272.4 444.9 264.2 448 256 448s-16.38-3.125-22.62-9.375c-12.5-12.5-12.5-32.75 0-45.25L338.8 288H32C14.33 288 .0016 273.7 .0016 256S14.33 224 32 224h306.8l-105.4-105.4c-12.5-12.5-12.5-32.75 0-45.25s32.75-12.5 45.25 0l160 160C451.1 245.9 451.1 266.1 438.6 278.6z\"><\/path><\/svg><\/span><\/a><\/div><div class=\"uagb-effect-default uagb-modal-popup uagb-block-66ef4bf4\"><div class=\"uagb-modal-popup-wrap\"><div class=\"uagb-modal-popup-content\"><h4 class=\"gb-headline gb-headline-13f3b337 gb-headline-text\" id=\"fa-guiden-i-din-inkorg\">F\u00e5 guiden i din inkorg<\/h4>\n\n\n<div style=\"height:25px\" aria-hidden=\"true\" class=\"wp-block-spacer\"><\/div>\n\n\n\n<script charset=\"utf-8\" type=\"text\/javascript\" src=\"\/\/js-eu1.hsforms.net\/forms\/embed\/v2.js\"><\/script><script>hbspt.forms.create({\n    region: \"eu1\",\n    portalId: \"25744173\",\n    formId: \"90620f55-3170-47d5-8e11-ecd2fbfda117\"\n  });\n<\/script>\n<\/div><button class=\"uagb-modal-popup-close\" aria-label=\"Close Modal\"><svg xmlns=\"https:\/\/www.w3.org\/2000\/svg\" viewBox=\"0 0 320 512\"><path d=\"M310.6 361.4c12.5 12.5 12.5 32.75 0 45.25C304.4 412.9 296.2 416 288 416s-16.38-3.125-22.62-9.375L160 301.3L54.63 406.6C48.38 412.9 40.19 416 32 416S15.63 412.9 9.375 406.6c-12.5-12.5-12.5-32.75 0-45.25l105.4-105.4L9.375 150.6c-12.5-12.5-12.5-32.75 0-45.25s32.75-12.5 45.25 0L160 210.8l105.4-105.4c12.5-12.5 32.75-12.5 45.25 0s12.5 32.75 0 45.25l-105.4 105.4L310.6 361.4z\"><\/path><\/svg><\/button><\/div><\/div><\/div>\n\n<\/div><\/div><\/div>\n\n<div class=\"gb-grid-column gb-grid-column-6c4f8364\"><div class=\"gb-container gb-container-6c4f8364\">\n<div class=\"wp-block-image\">\n<figure class=\"aligncenter size-full is-resized\"><img decoding=\"async\" width=\"1080\" height=\"1080\" src=\"https:\/\/sharecontrol.io\/wp-content\/uploads\/2023\/09\/Guide-for-handtering-av-apenhetsloven.png\" alt=\"V&#xE4;gledning f&#xF6;r hantering av insynslagen\" class=\"wp-image-9387\" style=\"object-fit:cover;width:280px;height:280px\" srcset=\"https:\/\/sharecontrol.io\/wp-content\/uploads\/2023\/09\/Guide-for-handtering-av-apenhetsloven.png 1080w, https:\/\/sharecontrol.io\/wp-content\/uploads\/2023\/09\/Guide-for-handtering-av-apenhetsloven-300x300.png 300w, https:\/\/sharecontrol.io\/wp-content\/uploads\/2023\/09\/Guide-for-handtering-av-apenhetsloven-1024x1024.png 1024w, https:\/\/sharecontrol.io\/wp-content\/uploads\/2023\/09\/Guide-for-handtering-av-apenhetsloven-150x150.png 150w, https:\/\/sharecontrol.io\/wp-content\/uploads\/2023\/09\/Guide-for-handtering-av-apenhetsloven-768x768.png 768w\" sizes=\"(max-width: 1080px) 100vw, 1080px\" \/><\/figure>\n<\/div>\n<\/div><\/div>\n<\/div>\n<\/div>\n<\/div><\/div>\n<div style=\"height:40px\" aria-hidden=\"true\" class=\"wp-block-spacer\"><\/div>\n<h4 class=\"wp-block-heading\" id=\"beslutsunderlag\">Beslutsunderlag<\/h4>\n<p>I takt med att information om f\u00f6retags ansvarsfulla praxis g\u00f6rs tillg\u00e4nglig kan b\u00e5de kunder och investerare fatta v\u00e4lgrundade beslut om vilka f\u00f6retag de vill st\u00f6dja eller investera i.<\/p>\n\n<div style=\"height:40px\" aria-hidden=\"true\" class=\"wp-block-spacer\"><\/div>\n<h2 class=\"wp-block-heading\" id=\"stegen-i-oppenhetslagen\">Stegen i \u00f6ppenhetslagen<\/h2>\n<p>Offentlighetslagen ger f\u00f6retag 3 huvudsakliga skyldigheter som vi n\u00e4mnde tidigare i artikeln. Arbetsuppgifterna \u00e4r \u00e5terigen uppdelade i flera uppgifter som kr\u00e4ver mycket tid av f\u00f6retagen. Vi rekommenderar d\u00e4rf\u00f6r att l\u00e4gga ner mycket tid p\u00e5 att hantera <a href=\"https:\/\/sharecontrol.io\/sv\/oppenhetslagen\/due-diligence-bedomningar-enligt-oppenhetslagen\/\">due diligence-bed\u00f6mningar<\/a> och f\u00f6rbereda sig f\u00f6r eventuella informationskrav. Lagen kan delas upp i f\u00f6ljande steg: <\/p>\n\n<div class=\"wp-block-uagb-image uagb-block-5b35bc83 wp-block-uagb-image--layout-default wp-block-uagb-image--effect-static wp-block-uagb-image--align-none\"><figure class=\"wp-block-uagb-image__figure\"><img decoding=\"async\" srcset=\"https:\/\/sharecontrol.io\/wp-content\/uploads\/2024\/04\/Stegene_i_apenhetsloven-1024x503.png ,https:\/\/sharecontrol.io\/wp-content\/uploads\/2024\/04\/Stegene_i_apenhetsloven.png 780w, https:\/\/sharecontrol.io\/wp-content\/uploads\/2024\/04\/Stegene_i_apenhetsloven.png 360w\" sizes=\"auto, (max-width: 480px) 150px\" src=\"https:\/\/sharecontrol.io\/wp-content\/uploads\/2024\/04\/Stegene_i_apenhetsloven-1024x503.png\" alt=\"Stegen i \u00f6ppenhetslagen\" class=\"uag-image-13881\" width=\"1024\" height=\"503\" title=\"Stegen i \u00f6ppenhetslagen\" loading=\"lazy\" role=\"img\"><\/figure><\/div>\n<h3 class=\"wp-block-heading\" id=\"ankare-ansvar\">Ankare ansvar<\/h3>\n<p>Det f\u00f6rsta steget i \u00f6ppenhetslagen (ursprungligen i due diligence-bed\u00f6mningarna) b\u00f6rjar med att verksamheten definierar interna riktlinjer. I insynslagen inneb\u00e4r det att \u00f6vergripande m\u00e5l s\u00e4tts upp f\u00f6r hur negativa konsekvenser ska undvikas och hur eventuella skador ska f\u00f6rebyggas. Konkreta \u00e5tg\u00e4rder verksamheten \u00e5tar sig att vidta vid olika fynd b\u00f6r ocks\u00e5 framg\u00e5 av dokumentet.<\/p>\n\n<p class=\"has-base-2-background-color has-background\"><a href=\"https:\/\/sharecontrol.io\/sv\/oppenhetslagen\/forankring-av-ansvarighet-oppenhetslagen\/\">L\u00e4s mer om hur du f\u00f6rankrar ansvarighet h\u00e4r. <\/a><\/p>\n\n<p>F\u00f6retagets riktlinjer ska vara i linje med \u00f6ppenhetslagen och <a href=\"https:\/\/www.responsiblebusiness.no\/oecds-retningslinjer\/\">OECD:s riktlinjer<\/a>. Det inneb\u00e4r att du kan uppdatera befintliga riktlinjer, eller ta fram nya med h\u00e4nsyn till \u00f6ppenhetslagen. Riktlinjerna ska omfatta hela verksamheten, leverant\u00f6rskedjan och aff\u00e4rspartners.<\/p>\n\n<p>Riktlinjerna m\u00e5ste inneh\u00e5lla minst:<\/p>\n\n<ul class=\"wp-block-list\">\n<li>Hur verksamheten ska agera ansvarsfullt<\/li>\n\n\n\n<li><br\/>Ansvarsf\u00f6rv\u00e4ntningar p\u00e5 leverant\u00f6rer och aff\u00e4rspartners samt deras planer f\u00f6r due diligence<\/li>\n<\/ul>\n\n<p>F\u00f6rankring av ansvarighet skrivs i \u00a74, bokstav a i \u00f6ppenhetslagen.<\/p>\n<h3 class=\"wp-block-heading\" id=\"due-diligencebedomning\">Due diligence-bed\u00f6mning<\/h3>\n<p><a href=\"https:\/\/sharecontrol.io\/sv\/oppenhetslagen\/due-diligence-bedomningar-enligt-oppenhetslagen\/\">Due diligence-bed\u00f6mningar <\/a> \u00e4r en metod som hj\u00e4lper till att kartl\u00e4gga, f\u00f6rebygga och f\u00f6lja upp f\u00f6retags potentiella och faktiska negativa p\u00e5verkan p\u00e5 m\u00e4nskliga r\u00e4ttigheter och anst\u00e4ndiga arbetsvillkor. Dessa bed\u00f6mningar, som ska g\u00f6ras b\u00e5de internt och externt, fokuserar p\u00e5 att identifiera brott mot b\u00e5de v\u00e5r egen och v\u00e5ra leverant\u00f6rers praxis, samt externa faktorer som p\u00e5verkar m\u00e4nskliga r\u00e4ttigheter och arbetsvillkor.<\/p>\n\n<p class=\"has-base-2-background-color has-background\"><em>Verksamheten ansvarar sj\u00e4lv f\u00f6r de r\u00f6n och f\u00f6rklaringar av due diligence-bed\u00f6mningar som publiceras p\u00e5 verksamhetens hemsida.<\/em><\/p>\n\n<p>OECD:s riktlinjer f\u00f6r multinationella f\u00f6retag ligger till grund f\u00f6r dessa bed\u00f6mningar som syftar till att s\u00e4kerst\u00e4lla ansvarsfulla aff\u00e4rer och hantera negativa konsekvenser f\u00f6r grundl\u00e4ggande m\u00e4nskliga r\u00e4ttigheter. Det praktiska genomf\u00f6randet av due diligence-bed\u00f6mningar omfattar sex steg: <\/p>\n\n<ul class=\"wp-block-list\">\n<li>F\u00f6rankring ansvarighet: Definiera ansvarighet i f\u00f6retagets riktlinjer i linje med lagstiftning och OECD:s riktlinjer. <\/li>\n\n\n\n<li>Kartl\u00e4ggning av negativa konsekvenser: Analys av f\u00f6retagets och leverant\u00f6rers praxis f\u00f6r att identifiera risker och stoppa, f\u00f6rebygga eller begr\u00e4nsa negativa konsekvenser f\u00f6r grundl\u00e4ggande m\u00e4nskliga r\u00e4ttigheter och anst\u00e4ndiga arbetsvillkor. <\/li>\n\n\n\n<li>Vidta \u00e5tg\u00e4rder: Genomf\u00f6r \u00e5tg\u00e4rder f\u00f6r att stoppa, f\u00f6rebygga och hantera identifierade risker, med fokus p\u00e5 f\u00f6rebyggande snarare \u00e4n reaktion. <\/li>\n\n\n\n<li>F\u00f6lj upp \u00e5tg\u00e4rderna: Utv\u00e4rdera effektiviteten av genomf\u00f6rda \u00e5tg\u00e4rder och g\u00f6r eventuella justeringar.<\/li>\n\n\n\n<li>Kommunicera med ber\u00f6rda intressenter: Informera ber\u00f6rda parter om \u00e5tg\u00e4rder och resultat av due diligence-bed\u00f6mningarna.<\/li>\n\n\n\n<li>\u00c5terst\u00e4ll: Om verksamheten \u00e4r direkt inblandad i negativa konsekvenser, genomf\u00f6r \u00e5terst\u00e4llande \u00e5tg\u00e4rder som kompensation, ers\u00e4ttning eller sanktioner.<\/li>\n<\/ul>\n\n<p>Genom att f\u00f6lja dessa steg uppfyller f\u00f6retagen kraven i \u00f6ppenhetslagen och bidrar till ett ansvarsfullt och h\u00e5llbart n\u00e4ringsliv. <\/p>\n<h4 class=\"wp-block-heading\" id=\"inled-atgard\">Inled \u00e5tg\u00e4rd<\/h4>\n<p>Att genomf\u00f6ra \u00e5tg\u00e4rder \u00e4r en del av due diligence-processen (<a href=\"https:\/\/www.forbrukertilsynet.no\/vi-jobber-med\/apenhetsloven\/aktsomhetsvurderinger\/trinn-4-folg-opp-tiltakene\" target=\"_blank\" rel=\"noreferrer noopener\"><u>steg 4<\/u><\/a>) och ett av syftena med transparenslagen. Att vidta \u00e5tg\u00e4rder n\u00e4r f\u00f6retag bryter mot m\u00e4nskliga r\u00e4ttigheter och anst\u00e4ndiga arbetsvillkor \u00e4r avg\u00f6rande f\u00f6r att s\u00e4kerst\u00e4lla att individer och samh\u00e4llen skyddas fr\u00e5n skada. Detta bidrar till att skapa kultur och fr\u00e4mja f\u00f6retagens respekt f\u00f6r m\u00e4nskliga r\u00e4ttigheter och uppmuntrar f\u00f6retagens \u00f6ppenhet och arbete samt f\u00f6rankrar ansvar i f\u00f6retagets ledning.<\/p>\n\n<div class=\"wp-block-uagb-image uagb-block-5a33a753 wp-block-uagb-image--layout-default wp-block-uagb-image--effect-static wp-block-uagb-image--align-none\"><figure class=\"wp-block-uagb-image__figure\"><img decoding=\"async\" srcset=\"https:\/\/sharecontrol.io\/wp-content\/uploads\/2024\/02\/Tiltak_Apenhetsloven-1024x684.jpg ,https:\/\/sharecontrol.io\/wp-content\/uploads\/2024\/02\/Tiltak_Apenhetsloven-scaled.jpg 780w, https:\/\/sharecontrol.io\/wp-content\/uploads\/2024\/02\/Tiltak_Apenhetsloven-scaled.jpg 360w\" sizes=\"auto, (max-width: 480px) 150px\" src=\"https:\/\/sharecontrol.io\/wp-content\/uploads\/2024\/02\/Tiltak_Apenhetsloven-1024x684.jpg\" alt=\"\u00c5tg\u00e4rder enligt \u00f6ppenhetslagen\" class=\"uag-image-12734\" width=\"1024\" height=\"688\" title=\"\u00c5tg\u00e4rder Offentlighetslagen\" loading=\"lazy\" role=\"img\"><\/figure><\/div>\n\n<p><strong>Den norska konsumenttilsynet ger grunden f\u00f6r tre niv\u00e5er av \u00e5tg\u00e4rder enligt \u00f6ppenhetslagen:<\/strong><\/p>\n\n<ul class=\"wp-block-list\">\n<li>F\u00f6rebyggande \u00e5tg\u00e4rder<\/li>\n\n\n\n<li>Restriktiva \u00e5tg\u00e4rder<\/li>\n\n\n\n<li>Stoppa \u00e5tg\u00e4rder<\/li>\n<\/ul>\n<h3 class=\"wp-block-heading\" id=\"arsredovisning\">\u00c5rsredovisning<\/h3>\n<p>Offentlighetslagen \u00e5l\u00e4gger verksamheter en \u00e5rsredovisning, eller rapporteringsskyldighet som lagen definierar det som. En <a href=\"https:\/\/sharecontrol.io\/sv\/oppenhetslagen\/redovisning-enligt-oppenhetslagen\/\">anm\u00e4lan enligt \u00f6ppenhetslagen<\/a> \u00e4r ett dokument som f\u00f6retag ska offentligg\u00f6ra senast 30 juni varje \u00e5r p\u00e5 sina hemsidor.<\/p>\n\n<p>En redovisning av due diligence-bed\u00f6mningarna ska ge insikt i de due diligence-bed\u00f6mningar som verksamheten har genomf\u00f6rt och presentera de potentiella negativa konsekvenser som har konstaterats och de \u00e5tg\u00e4rder som har inletts. <\/p>\n\n<div class=\"wp-block-uagb-image uagb-block-ba8d0fde wp-block-uagb-image--layout-default wp-block-uagb-image--effect-static wp-block-uagb-image--align-none\"><figure class=\"wp-block-uagb-image__figure\"><img decoding=\"async\" srcset=\"https:\/\/sharecontrol.io\/wp-content\/uploads\/2023\/11\/Redegjorelse_apenhetsloven-1024x801.jpg ,https:\/\/sharecontrol.io\/wp-content\/uploads\/2023\/11\/Redegjorelse_apenhetsloven.jpg 780w, https:\/\/sharecontrol.io\/wp-content\/uploads\/2023\/11\/Redegjorelse_apenhetsloven.jpg 360w\" sizes=\"auto, (max-width: 480px) 150px\" src=\"https:\/\/sharecontrol.io\/wp-content\/uploads\/2023\/11\/Redegjorelse_apenhetsloven-1024x801.jpg\" alt=\"Minimikravet vid rapportering enligt insynslagen\" class=\"uag-image-10779\" width=\"1024\" height=\"801\" title=\"Redovisning enligt \u00f6ppenhetslagen\" loading=\"lazy\" role=\"img\"><\/figure><\/div>\n<h4 class=\"wp-block-heading\" id=\"rapportering-av-due-diligencebedomningar-maste-innehalla-tre-huvudelement\">Rapportering av due diligence-bed\u00f6mningar m\u00e5ste inneh\u00e5lla tre huvudelement: <\/h4>\n<ol start=\"1\" class=\"wp-block-list\">\n<li>Allm\u00e4n beskrivning av verksamheten inklusive organisation, verksamhetsomr\u00e5de, produkter\/tj\u00e4nster, marknader samt hur arbetet med m\u00e4nskliga r\u00e4ttigheter och arbetsvillkor \u00e4r f\u00f6rankrat i interna riktlinjer och rutiner.<\/li>\n\n\n\n<li>Information om faktiska negativa konsekvenser och betydande risk f\u00f6r s\u00e5dana konsekvenser som finns i due diligence-bed\u00f6mningarna. H\u00e4r ing\u00e5r beskrivningar av konkreta negativa konsekvenser och riskomr\u00e5den, samt bed\u00f6mningar av sv\u00e5righetsgrad och sannolikhet. <\/li>\n\n\n\n<li>Beskrivning av \u00e5tg\u00e4rder som genomf\u00f6rts eller planeras f\u00f6r att stoppa faktiska negativa konsekvenser och begr\u00e4nsa risken. Det handlar om att rapportera om genomf\u00f6rda \u00e5tg\u00e4rder och deras resultat. <\/li>\n<\/ol>\n\n<blockquote class=\"wp-block-quote is-layout-flow wp-block-quote-is-layout-flow\">\n<p>Utl\u00e5tandet ska vara undertecknat i enlighet med <a href=\"https:\/\/lovdata.no\/lov\/1998-07-17-56\/%C2%A73-5\">bokf\u00f6ringslagen 3-5 \u00a7 (Lagdata) <\/a> om undertecknande av \u00e5rsbokslut och \u00e5rsredovisning.<\/p>\n<cite>&#8211;<a href=\"https:\/\/www.forbrukertilsynet.no\/vi-jobber-med\/apenhetsloven\/redegjorelsesplikt#signatur\">Forbrukertilsynet, Redegj\u00f8relse<\/a><\/cite><\/blockquote>\n\n<p>Rapporten ska vara undertecknad av ber\u00f6rda personer och vara l\u00e4ttillg\u00e4nglig p\u00e5 f\u00f6retagets hemsida. Den ska uppdateras \u00e5rligen och vid v\u00e4sentliga f\u00f6r\u00e4ndringar i riskbed\u00f6mningarna. Moderbolagen ska \u00e4ven inneh\u00e5lla bed\u00f6mningar av dotterbolagens verksamhet. F\u00f6retag i koncernen kan v\u00e4lja att uppr\u00e4tta ett gemensamt utl\u00e5tande, men kraven p\u00e5 inneh\u00e5ll och formkrav ska \u00e4nd\u00e5 uppfyllas f\u00f6r varje enskilt bolag i koncernen. <\/p>\n<h3 class=\"wp-block-heading\" id=\"informationskrav\">Informationskrav<\/h3>\n<p>Offentlighetslagen \u00e4r en unik lag som ger allm\u00e4nheten r\u00e4tt att beg\u00e4ra information fr\u00e5n verksamheter om f\u00f6retagets hantering av m\u00e4nskliga r\u00e4ttigheter och arbetsf\u00f6rh\u00e5llanden i leverant\u00f6rskedjan. <a href=\"https:\/\/www.forbrukertilsynet.no\/vi-jobber-med\/apenhetsloven\/om-informasjonskrav\">Informationskravet<\/a> ger alla r\u00e4tt att beg\u00e4ra s\u00e5dan information genom skriftlig kontakt med verksamheten, antingen via e-post, brev eller onlineformul\u00e4r. F\u00f6retag \u00e4r enligt lag skyldiga att svara p\u00e5 dessa f\u00f6rfr\u00e5gningar inom tre veckor, med omfattande och begripliga svar.<\/p>\n\n<p class=\"has-base-2-background-color has-background\"><em>Verksamheter ska svara p\u00e5 informationsf\u00f6rfr\u00e5gningar s\u00e5 snart som m\u00f6jligt, och senast 3 veckor fr\u00e5n mottagandet av beg\u00e4ran.<\/em><\/p>\n\n<p>I minimikraven f\u00f6r informationskravet ing\u00e5r en f\u00f6rklaring av styrelsens ansvar och riktlinjer samt specifika \u00e5tg\u00e4rder vid negativa konsekvenser f\u00f6r grundl\u00e4ggande m\u00e4nskliga r\u00e4ttigheter och arbetsf\u00f6rh\u00e5llanden. Informationen ska \u00e4ven inneh\u00e5lla resultaten av due diligence-bed\u00f6mningar, utan att avsl\u00f6ja leverant\u00f6rernas identitet. Verksamheterna kan avvisa p\u00e5st\u00e5enden som \u00e4r obegripliga eller orimliga, men b\u00f6r om m\u00f6jligt h\u00e4nvisa till allm\u00e4nt tillg\u00e4nglig information. <\/p>\n\n<p class=\"has-base-2-background-color has-background\"><a href=\"https:\/\/sharecontrol.io\/sv\/oppenhetslagen\/informationskrav-i-oppenhetslagen\/\">L\u00e4s mer om informationskrav enligt \u00f6ppenhetslagen h\u00e4r.<\/a><\/p>\n<h4 class=\"wp-block-heading\" id=\"vem-kan-begara-information\">Vem kan beg\u00e4ra information?<\/h4>\n<p>F\u00f6retag m\u00e5ste vara beredda att svara p\u00e5 informationsf\u00f6rfr\u00e5gningar fr\u00e5n allm\u00e4nheten, kunder, investerare eller andra intressenter som vill veta mer om hur verksamheten hanterar faktiska och potentiella negativa konsekvenser som identifierats genom due diligence-processen. <\/p>\n<h2 class=\"wp-block-heading\" id=\"brott-mot-oppenhetslagen\">Brott mot \u00f6ppenhetslagen<\/h2>\n<p>Det \u00e4r det norska konsumenttilsynet som har f\u00e5tt i uppdrag att ut\u00f6va tillsyn enligt \u00f6ppenhetslagen. Insynslagens f\u00f6rsta \u00e5r gav tillsynsmyndigheten v\u00e4gledning och hj\u00e4lp med lagstiftningen, men <a href=\"https:\/\/www.forbrukertilsynet.no\/apenhetsloven-til-hosten-starter-kontrollene\">meddelade h\u00f6sten 2023<\/a> att de skulle p\u00e5b\u00f6rja inspektioner. <\/p>\n\n<p>Efter att det <a href=\"https:\/\/www.forbrukertilsynet.no\/apenhetsloven-en-av-fem-mangler-redegjorelse-pa-nettsidene\">norska Konsumentverket i slutet av 2023 genomf\u00f6rt en kartl\u00e4ggning<\/a> av norska f\u00f6retags hantering av lagstiftningen, framkom att var femte verksamhet saknade ett offentligt uttalande p\u00e5 sin hemsida. Vi rekommenderar d\u00e4rf\u00f6r alla att s\u00e4tta sig ing\u00e5ende i lagstiftningens krav.<\/p>\n\n<blockquote class=\"wp-block-quote is-layout-flow wp-block-quote-is-layout-flow\">\n<p><em>\u00c4ven om det norska konsumenttilsynet fr\u00e4mst har betonat v\u00e4gledning under det f\u00f6rsta \u00e5ret sedan lagen tr\u00e4dde i kraft, \u00e4r det \u00e4nd\u00e5 viktigt att betona att vi kommer att sl\u00e5 ner p\u00e5 omfattande och uppenbara brott mot lagens best\u00e4mmelser. F\u00f6retag som inte har bevisat sitt ansvar, och inte f\u00f6ljer lagen, riskerar sanktioner.<\/em><\/p>\n<cite><a href=\"https:\/\/www.forbrukertilsynet.no\/apenhetsloven-til-hosten-starter-kontrollene\" target=\"_blank\" rel=\"noreferrer noopener\">Trond R\u00f8nningen, direkt\u00f6r f\u00f6r det norska konsumenttilsynet<\/a><\/cite><\/blockquote>\n\n<div style=\"height:50px\" aria-hidden=\"true\" class=\"wp-block-spacer\"><\/div>\n<h2 class=\"wp-block-heading\" id=\"liknande-internationella-lagar\">Liknande internationella lagar <\/h2>\n<p>Flera internationella lagar delar likheter med \u00f6ppenhetslagen genom att fr\u00e4mja f\u00f6retagens ansvarighet och transparens n\u00e4r det g\u00e4ller m\u00e4nskliga r\u00e4ttigheter och milj\u00f6p\u00e5verkan: <\/p>\n<h4 class=\"wp-block-heading\" id=\"tysk-lag-om-due-diligencebedomningar-av-forsorjningskedjan\"><strong><em>Tysk lag om due diligence-bed\u00f6mningar av f\u00f6rs\u00f6rjningskedjan<\/em><\/strong><\/h4>\n<p>Gesetz \u00fcber die unternehmerischen Sorgfaltspflichten i Lieferketten \u00e4r en tysk lag som kr\u00e4ver att stora f\u00f6retag ska utf\u00f6ra due diligence-bed\u00f6mningar i sina leveranskedjor f\u00f6r att identifiera och hantera risker relaterade till m\u00e4nskliga r\u00e4ttigheter och milj\u00f6. Det syftar till att f\u00f6rebygga kr\u00e4nkningar som barnarbete, tv\u00e5ngsarbete och milj\u00f6skador. <\/p>\n<h4 class=\"wp-block-heading\" id=\"fransk-lag-om-vaksamhet-plan-of-vigilance\"><strong><em><strong><em>Fransk lag om vaksamhet (Plan of vigilance)<\/em><\/strong> <\/em><\/strong><\/h4>\n<p>Lagen kr\u00e4ver att stora f\u00f6retag skapar och implementerar planer f\u00f6r att identifiera och f\u00f6rebygga kr\u00e4nkningar av m\u00e4nskliga r\u00e4ttigheter och milj\u00f6n i hela sina leverant\u00f6rskedjor. F\u00f6retag m\u00e5ste regelbundet rapportera om sina vaksamhets\u00e5tg\u00e4rder. <\/p>\n<h4 class=\"wp-block-heading\" id=\"engelsk-lag-mot-slaveri-och-manniskohandel\"><strong><em><strong><em><strong><em>Engelsk lag mot slaveri och m\u00e4nniskohandel<\/em><\/strong><\/em><\/strong><\/em><\/strong><\/h4>\n<p>UK Modern Slavery Act kr\u00e4ver att f\u00f6retag avsl\u00f6jar de \u00e5tg\u00e4rder de har vidtagit f\u00f6r att s\u00e4kerst\u00e4lla att slaveri och m\u00e4nniskohandel inte \u00e4ger rum i deras leveranskedjor och verksamhet. \u00c4ven om huvudfokus ligger p\u00e5 modernt slaveri, bidrar det till ett bredare f\u00f6retagsansvar och transparens. <\/p>\n<h3 class=\"wp-block-heading\" id=\"inforandet-av-eus-corporate-sustainability-due-diligencedirektiv-csddd\"><strong><em><strong><em><strong><em><strong>Inf\u00f6randet av EU:s: Corporate Sustainability Due Diligence-direktiv (CSDDD)<\/strong><\/em><\/strong><\/em><\/strong><\/em><\/strong><\/h3>\n<p><a href=\"https:\/\/commission.europa.eu\/business-economy-euro\/doing-business-eu\/corporate-sustainability-due-diligence_en\" target=\"_blank\" rel=\"noreferrer noopener\">Corporate Sustainability Due Diligence Directive<\/a> \u00e4r ett nytt EU-direktiv som syftar till att fr\u00e4mja h\u00e5llbara och ansvarsfulla aff\u00e4rsmetoder bland stora f\u00f6retag inom och utanf\u00f6r EU. \u00c4ven om \u00f6ppenhetslagen och Corporate Sustainability Due Diligence Directive (CSDDD) b\u00e5da syftar till att f\u00f6rb\u00e4ttra f\u00f6retagens ansvarsskyldighet, finns det skillnader i omfattning och specifika krav: <\/p>\n\n<ul class=\"wp-block-list\">\n<li><strong>\u00d6ppenhetslagen<\/strong>: Fokuserar p\u00e5 m\u00e4nskliga r\u00e4ttigheter och anst\u00e4ndiga arbetsvillkor, och g\u00e4ller f\u00f6r st\u00f6rre norska f\u00f6retag och utl\u00e4ndska f\u00f6retag som verkar i Norge. \u00d6ppenhetslagen har dock en l\u00e4gre tullgr\u00e4ns \u00e4n CSDDD. <\/li>\n<\/ul>\n\n<ul class=\"wp-block-list\">\n<li><strong>CSDDD<\/strong>: T\u00e4cker ett bredare spektrum av fr\u00e5gor, inklusive milj\u00f6p\u00e5verkan och klimathandlingsplaner, och g\u00e4ller f\u00f6r stora EU-baserade f\u00f6retag och f\u00f6retag utanf\u00f6r EU med betydande oms\u00e4ttning i EU. <\/li>\n<\/ul>\n<h3 class=\"wp-block-heading\" id=\"skillnader-i-rapportering-och-efterlevnad\"><strong><em><strong><em><strong><em><strong><strong><em>Skillnader i rapportering och efterlevnad<\/em><\/strong><\/strong><\/em><\/strong><\/em><\/strong><\/em><\/strong><\/h3>\n<p>\u00d6ppenhetslagen kr\u00e4ver att f\u00f6retag publicerar en \u00e5rlig rapport \u00f6ver sina resultat och \u00e5tg\u00e4rder som vidtagits f\u00f6r att stoppa, begr\u00e4nsa eller f\u00f6rhindra negativa konsekvenser f\u00f6r grundl\u00e4ggande m\u00e4nskliga r\u00e4ttigheter. Det \u00e4r det norska konsumenttilsynet som ut\u00f6var tillsyn och kan utd\u00f6ma sanktioner vid brott mot lagen. <\/p>\n\n<p>I den internationella CSDDD \u00e4r rapporteringskraven mer omfattande och inkluderar obligatoriska klimathandlingsplaner och regelbundna uppdateringar om f\u00f6rsiktighets\u00e5tg\u00e4rder. Direktivet kr\u00e4ver ocks\u00e5 att EU:s medlemsl\u00e4nder inr\u00e4ttar nationella tillsynsmyndigheter f\u00f6r att s\u00e4kerst\u00e4lla efterlevnaden. Till skillnad fr\u00e5n \u00f6ppenhetslagen kr\u00e4ver CSDDD att medlemsl\u00e4nderna inr\u00e4ttar tillsynsmyndigheter som kan \u00e5l\u00e4gga b\u00f6ter och sanktioner. <\/p>\n\n<p><strong><em>Det f\u00f6rv\u00e4ntas att \u00f6ppenhetslagen kommer att \u00e4ndras i framtiden f\u00f6r att inkludera flera av kraven i CSDDD.<\/em> <\/strong><\/p>\n\n<div style=\"height:50px\" aria-hidden=\"true\" class=\"wp-block-spacer\"><\/div>\n<h2 class=\"wp-block-heading\" id=\"vad-du-ska-gora-i-ditt-foretag-nu\">Vad du ska g\u00f6ra i ditt f\u00f6retag nu!<\/h2>\n<p>P\u00e5 <a href=\"https:\/\/www.forbrukertilsynet.no\/kom-i-gang-med-apenhetsloven\">Konsumentverkets hemsida kan du l\u00e4sa mer<\/a> om hur du kommer ig\u00e5ng med due diligence-bed\u00f6mningar enligt insynslagen och vilka \u00e5tg\u00e4rder du b\u00f6r vidta nu.<\/p>\n<h3 class=\"wp-block-heading\" id=\"konsumentverket-i-norge-rekommenderar-foretag-att-borja-med-dessa-punkter\">Konsumentverket i Norge rekommenderar f\u00f6retag att b\u00f6rja med dessa punkter:<\/h3>\n<ol class=\"wp-block-list\">\n<li><strong>F\u00f6rankra ansvar i styrelse<\/strong>n: Det \u00e4r avg\u00f6rande att f\u00f6rankra ansvar i styrelsen, som ska anta en plan f\u00f6r due diligence-bed\u00f6mningar och publicering av rapporter i enlighet med lagen.<\/li>\n\n\n\n<li><strong>Riktlinjer och f\u00f6retagskultur<\/strong>: Uppr\u00e4tta riktlinjer som f\u00f6ljer \u00f6ppenhetslagen och kommunicera dessa internt f\u00f6r att integrera dem i f\u00f6retagskulturen.<\/li>\n\n\n\n<li><strong>System f\u00f6r hantering av informationsskyldighet<\/strong>: Uppr\u00e4tta ett effektivt system f\u00f6r hantering av skriftliga f\u00f6rfr\u00e5gningar om information och se till att verksamheten kan svara inom tre veckor.<\/li>\n\n\n\n<li><strong>Kartl\u00e4ggning<\/strong>: Starta kartl\u00e4ggningen av b\u00e5de interna f\u00f6rh\u00e5llanden och leveranskedjor utan att v\u00e4nta, eftersom detta kan vara en tidskr\u00e4vande process.<\/li>\n\n\n\n<li><strong>Riskanalys<\/strong>: Genomf\u00f6r en grundlig riskanalys f\u00f6r att identifiera potentiella kr\u00e4nkningar av m\u00e4nskliga r\u00e4ttigheter och anst\u00e4ndiga arbetsf\u00f6rh\u00e5llanden b\u00e5de internt och hos leverant\u00f6rer.<\/li>\n<\/ol>\n\n<div style=\"height:50px\" aria-hidden=\"true\" class=\"wp-block-spacer\"><\/div>\n<h2 class=\"wp-block-heading\" id=\"sharecontrol-transparency-system-for-oppenhetslagen\">ShareControl Transparency &#8211; System f\u00f6r \u00f6ppenhetslagen<\/h2>\n<p><a href=\"https:\/\/sharecontrol.io\/sv\/produkter\/sharecontrol-transparency-mjukvara-for-oppenhetslagen\/\">ShareControl Transparency<\/a> erbjuder en l\u00f6sning skr\u00e4ddarsydd f\u00f6r f\u00f6retag som vill uppfylla kraven i \u00f6ppenhetslagen p\u00e5 ett effektivt och s\u00e4kert s\u00e4tt. ShareControl Transparency \u00e4r baserat p\u00e5 <a href=\"https:\/\/www.microsoft.com\/nb-no\/power-platform\/\">Microsoft Power Apps<\/a> och ger en intuitiv anv\u00e4ndarupplevelse och m\u00f6jligg\u00f6r s\u00f6ml\u00f6s integration med en m\u00e4ngd olika plattformar, inklusive <a href=\"https:\/\/www.microsoft.com\/nb-no\/microsoft-365\">Microsoft 365<\/a>, <a href=\"https:\/\/www.microsoft.com\/en-us\/power-platform\/products\/power-bi\">Power BI<\/a> och <a href=\"https:\/\/www.microsoft.com\/en-us\/dynamics-365\">Dynamics 365<\/a>.<\/p>\n\n<p>Med systemet kan f\u00f6retag enkelt lagra data relaterade till grundl\u00e4ggande m\u00e4nskliga r\u00e4ttigheter och anst\u00e4ndiga arbetsf\u00f6rh\u00e5llanden i enlighet med kraven i den norska offentlighetslagen. Genom verktyg som <a href=\"https:\/\/www.microsoft.com\/en-us\/microsoft-365\/online-surveys-polls-quizzes\">Forms<\/a> och <a href=\"https:\/\/dynamics.microsoft.com\/nb-no\/customer-voice\/overview\/\">Customer Voice<\/a> ger ShareControl Transparency \u00e4ven m\u00f6jlighet att skicka ut fr\u00e5geformul\u00e4r i samband med due diligence-bed\u00f6mningar, samt generera automatiserade rapporter baserat p\u00e5 insamlad data. Med ShareControl Transparency blir efterlevnaden av lagstiftning och etisk praxis en s\u00f6ml\u00f6s del av f\u00f6retagets verksamhet.<\/p>\n<div class=\"gb-container gb-container-0ecbfbfe\"><div class=\"gb-inside-container\">\n<div class=\"gb-grid-wrapper gb-grid-wrapper-7f8cee43\">\n<div class=\"gb-grid-column gb-grid-column-83918cae\"><div class=\"gb-container gb-container-83918cae\"><div class=\"gb-inside-container\">\n<h3 class=\"gb-headline gb-headline-8de0bb38 gb-headline-text\" id=\"sharecontrol-transparency\"><mark style=\"background-color:rgba(0, 0, 0, 0)\" class=\"has-inline-color has-base-3-color\">ShareControl Transparency<\/mark><\/h3>\n\n<p class=\"gb-headline gb-headline-8c584120 gb-headline-text\"><strong>Programvara f\u00f6r &#8221;\u00f6ppenhetslagen&#8221;<\/strong><\/p>\n\n\n<p class=\"has-base-3-color has-text-color has-link-color wp-elements-a1a7dd3643e21e15690c03b2bad0710c\">Ett komplett <a href=\"https:\/\/sharecontrol.io\/sv\/produkter\/sharecontrol-transparency-mjukvara-for-oppenhetslagen\/\">system f\u00f6r \u00f6ppenhetslagen<\/a> f\u00f6r hantering av alla f\u00f6retagets data och processer relaterade till \u00f6ppenhetslagen.<\/p>\n\n\n<div class=\"gb-button-wrapper gb-button-wrapper-e0034eca\">\n\n<a class=\"gb-button gb-button-35f84f3b\" href=\"https:\/\/sharecontrol.io\/sv\/produkter\/sharecontrol-transparency-mjukvara-for-oppenhetslagen\/\"><span class=\"gb-button-text\"><strong>Om ShareControl Transparency<\/strong><\/span><span class=\"gb-icon\"><svg xmlns=\"https:\/\/www.w3.org\/2000\/svg\" width=\"16\" height=\"16\" fill=\"currentColor\" class=\"bi bi-arrow-right-short\" viewbox=\"0 0 16 16\">   <path fill-rule=\"evenodd\" d=\"M4 8a.5.5 0 0 1 .5-.5h5.793L8.146 5.354a.5.5 0 1 1 .708-.708l3 3a.5.5 0 0 1 0 .708l-3 3a.5.5 0 0 1-.708-.708L10.293 8.5H4.5A.5.5 0 0 1 4 8z\"><\/path> <\/svg><\/span><\/a>\n\n<\/div>\n<\/div><\/div><\/div>\n\n<div class=\"gb-grid-column gb-grid-column-3421a24b\"><div class=\"gb-container gb-container-3421a24b\"><div class=\"gb-inside-container\">\n<div class=\"wp-block-image is-resized is-style-default\">\n<figure class=\"aligncenter size-full\"><a href=\"https:\/\/sharecontrol.io\/sv\/produkter\/sharecontrol-contract-system-for-avtalshantering\/\"><img decoding=\"async\" width=\"500\" height=\"500\" src=\"https:\/\/sharecontrol.io\/wp-content\/uploads\/2022\/10\/Contract-Management-System-Share-Control.png\" alt=\"System f&#xF6;r hantering av &#xF6;ppenhetslagen - Share Control Transparency\" class=\"wp-image-7003\" srcset=\"https:\/\/sharecontrol.io\/wp-content\/uploads\/2022\/10\/Contract-Management-System-Share-Control.png 500w, https:\/\/sharecontrol.io\/wp-content\/uploads\/2022\/10\/Contract-Management-System-Share-Control-300x300.png 300w, https:\/\/sharecontrol.io\/wp-content\/uploads\/2022\/10\/Contract-Management-System-Share-Control-150x150.png 150w\" sizes=\"(max-width: 500px) 100vw, 500px\" \/><\/a><\/figure>\n<\/div>\n<\/div><\/div><\/div>\n<\/div>\n<\/div><\/div>","protected":false},"excerpt":{"rendered":"<p>Vad \u00e4r \u00f6ppenhetslagen? \u00d6ppenhetslagen \u00e4r en norsk lag som tr\u00e4dde i kraft den 1 juli 2022. Lagen \u00e5l\u00e4gger medelstora och st\u00f6rre f\u00f6retag att kartl\u00e4gga risken f\u00f6r kr\u00e4nkningar av m\u00e4nskliga r\u00e4ttigheter i hela sin leverant\u00f6rskedja. Lagen kr\u00e4ver ocks\u00e5 att f\u00f6retagen rapporterar om fynden och \u00e5tg\u00e4rdar eventuella skador. Syftet med lagen \u00e4r att fr\u00e4mja f\u00f6retagens respekt f\u00f6r &#8230; <a title=\"Vad \u00e4r \u00f6ppenhetslagen och vad \u00e4r din skyldighet? Allt om \u00f6ppenhetslagen\" class=\"read-more\" href=\"https:\/\/sharecontrol.io\/sv\/oppenhetslagen\/vad-ar-oppenhetslagen-och-vad-ar-ditt-ansvar\/\" aria-label=\"L\u00e4s mer om Vad \u00e4r \u00f6ppenhetslagen och vad \u00e4r din skyldighet? Allt om \u00f6ppenhetslagen\">L\u00e4s mer<\/a><\/p>\n","protected":false},"author":5,"featured_media":8775,"comment_status":"closed","ping_status":"open","sticky":false,"template":"","format":"standard","meta":{"content-type":"","_uag_custom_page_level_css":"","footnotes":""},"categories":[40],"tags":[57],"class_list":["post-8796","post","type-post","status-publish","format-standard","has-post-thumbnail","hentry","category-oppenhetslagen","tag-oeppenhetslagen","generate-columns","tablet-grid-50","mobile-grid-100","grid-parent","grid-50"],"yoast_head":"<!-- This site is optimized with the Yoast SEO plugin v27.2 - https:\/\/yoast.com\/product\/yoast-seo-wordpress\/ -->\n<title>Vad \u00e4r \u00f6ppenhetslagen och vad \u00e4r din skyldighet? Allt om \u00f6ppenhetslagen<\/title>\n<meta name=\"description\" content=\"Vad \u00e4r \u00f6ppenhetslagen? \u00d6ppenhetslagen \u00e5l\u00e4gger verksamheter en informationsplikt och en skyldighet att genomf\u00f6ra aktsamhetsbed\u00f6mningar.\" \/>\n<meta name=\"robots\" content=\"index, follow, max-snippet:-1, max-image-preview:large, max-video-preview:-1\" \/>\n<link rel=\"canonical\" href=\"https:\/\/sharecontrol.io\/sv\/oppenhetslagen\/vad-ar-oppenhetslagen-och-vad-ar-ditt-ansvar\/\" \/>\n<meta property=\"og:locale\" content=\"sv_SE\" \/>\n<meta property=\"og:type\" content=\"article\" \/>\n<meta property=\"og:title\" content=\"Vad \u00e4r \u00f6ppenhetslagen och vad \u00e4r din skyldighet? Allt om \u00f6ppenhetslagen\" \/>\n<meta property=\"og:description\" content=\"Vad \u00e4r \u00f6ppenhetslagen? \u00d6ppenhetslagen \u00e5l\u00e4gger verksamheter en informationsplikt och en skyldighet att genomf\u00f6ra aktsamhetsbed\u00f6mningar.\" \/>\n<meta property=\"og:url\" content=\"https:\/\/sharecontrol.io\/sv\/oppenhetslagen\/vad-ar-oppenhetslagen-och-vad-ar-ditt-ansvar\/\" \/>\n<meta property=\"og:site_name\" content=\"ShareControl\" \/>\n<meta property=\"article:published_time\" content=\"2023-03-27T17:16:58+00:00\" \/>\n<meta property=\"article:modified_time\" content=\"2024-09-20T05:56:06+00:00\" \/>\n<meta property=\"og:image\" content=\"https:\/\/sharecontrol.io\/wp-content\/uploads\/2023\/03\/Hva-er-apenhetsloven.png\" \/>\n\t<meta property=\"og:image:width\" content=\"800\" \/>\n\t<meta property=\"og:image:height\" content=\"500\" \/>\n\t<meta property=\"og:image:type\" content=\"image\/png\" \/>\n<meta name=\"author\" content=\"Ragnar Bryne\" \/>\n<meta name=\"twitter:card\" content=\"summary_large_image\" \/>\n<meta name=\"twitter:label1\" content=\"Skriven av\" \/>\n\t<meta name=\"twitter:data1\" content=\"Ragnar Bryne\" \/>\n\t<meta name=\"twitter:label2\" content=\"Ber\u00e4knad l\u00e4stid\" \/>\n\t<meta name=\"twitter:data2\" content=\"13 minuter\" \/>\n<script type=\"application\/ld+json\" class=\"yoast-schema-graph\">{\"@context\":\"https:\/\/schema.org\",\"@graph\":[{\"@type\":\"Article\",\"@id\":\"https:\/\/sharecontrol.io\/sv\/oppenhetslagen\/vad-ar-oppenhetslagen-och-vad-ar-ditt-ansvar\/#article\",\"isPartOf\":{\"@id\":\"https:\/\/sharecontrol.io\/sv\/oppenhetslagen\/vad-ar-oppenhetslagen-och-vad-ar-ditt-ansvar\/\"},\"author\":{\"name\":\"Ragnar Bryne\",\"@id\":\"https:\/\/sharecontrol.io\/sv\/#\/schema\/person\/99f5e6698beb16989a49823ce163432f\"},\"headline\":\"Vad \u00e4r \u00f6ppenhetslagen och vad \u00e4r din skyldighet? Allt om \u00f6ppenhetslagen\",\"datePublished\":\"2023-03-27T17:16:58+00:00\",\"dateModified\":\"2024-09-20T05:56:06+00:00\",\"mainEntityOfPage\":{\"@id\":\"https:\/\/sharecontrol.io\/sv\/oppenhetslagen\/vad-ar-oppenhetslagen-och-vad-ar-ditt-ansvar\/\"},\"wordCount\":2978,\"publisher\":{\"@id\":\"https:\/\/sharecontrol.io\/sv\/#organization\"},\"image\":{\"@id\":\"https:\/\/sharecontrol.io\/sv\/oppenhetslagen\/vad-ar-oppenhetslagen-och-vad-ar-ditt-ansvar\/#primaryimage\"},\"thumbnailUrl\":\"https:\/\/sharecontrol.io\/wp-content\/uploads\/2023\/03\/Hva-er-apenhetsloven.png\",\"keywords\":[\"\u00d6ppenhetslagen\"],\"articleSection\":[\"\u00d6ppenhetslagen\"],\"inLanguage\":\"sv-SE\"},{\"@type\":\"WebPage\",\"@id\":\"https:\/\/sharecontrol.io\/sv\/oppenhetslagen\/vad-ar-oppenhetslagen-och-vad-ar-ditt-ansvar\/\",\"url\":\"https:\/\/sharecontrol.io\/sv\/oppenhetslagen\/vad-ar-oppenhetslagen-och-vad-ar-ditt-ansvar\/\",\"name\":\"Vad \u00e4r \u00f6ppenhetslagen och vad \u00e4r din skyldighet? Allt om \u00f6ppenhetslagen\",\"isPartOf\":{\"@id\":\"https:\/\/sharecontrol.io\/sv\/#website\"},\"primaryImageOfPage\":{\"@id\":\"https:\/\/sharecontrol.io\/sv\/oppenhetslagen\/vad-ar-oppenhetslagen-och-vad-ar-ditt-ansvar\/#primaryimage\"},\"image\":{\"@id\":\"https:\/\/sharecontrol.io\/sv\/oppenhetslagen\/vad-ar-oppenhetslagen-och-vad-ar-ditt-ansvar\/#primaryimage\"},\"thumbnailUrl\":\"https:\/\/sharecontrol.io\/wp-content\/uploads\/2023\/03\/Hva-er-apenhetsloven.png\",\"datePublished\":\"2023-03-27T17:16:58+00:00\",\"dateModified\":\"2024-09-20T05:56:06+00:00\",\"description\":\"Vad \u00e4r \u00f6ppenhetslagen? \u00d6ppenhetslagen \u00e5l\u00e4gger verksamheter en informationsplikt och en skyldighet att genomf\u00f6ra aktsamhetsbed\u00f6mningar.\",\"breadcrumb\":{\"@id\":\"https:\/\/sharecontrol.io\/sv\/oppenhetslagen\/vad-ar-oppenhetslagen-och-vad-ar-ditt-ansvar\/#breadcrumb\"},\"inLanguage\":\"sv-SE\",\"potentialAction\":[{\"@type\":\"ReadAction\",\"target\":[\"https:\/\/sharecontrol.io\/sv\/oppenhetslagen\/vad-ar-oppenhetslagen-och-vad-ar-ditt-ansvar\/\"]}]},{\"@type\":\"ImageObject\",\"inLanguage\":\"sv-SE\",\"@id\":\"https:\/\/sharecontrol.io\/sv\/oppenhetslagen\/vad-ar-oppenhetslagen-och-vad-ar-ditt-ansvar\/#primaryimage\",\"url\":\"https:\/\/sharecontrol.io\/wp-content\/uploads\/2023\/03\/Hva-er-apenhetsloven.png\",\"contentUrl\":\"https:\/\/sharecontrol.io\/wp-content\/uploads\/2023\/03\/Hva-er-apenhetsloven.png\",\"width\":800,\"height\":500,\"caption\":\"Hva er a\u030apenhetsloven\"},{\"@type\":\"BreadcrumbList\",\"@id\":\"https:\/\/sharecontrol.io\/sv\/oppenhetslagen\/vad-ar-oppenhetslagen-och-vad-ar-ditt-ansvar\/#breadcrumb\",\"itemListElement\":[{\"@type\":\"ListItem\",\"position\":1,\"name\":\"Home\",\"item\":\"https:\/\/sharecontrol.io\/sv\/\"},{\"@type\":\"ListItem\",\"position\":2,\"name\":\"\u00d6ppenhetslagen\",\"item\":\"https:\/\/sharecontrol.io\/sv\/category\/oppenhetslagen\/\"},{\"@type\":\"ListItem\",\"position\":3,\"name\":\"Vad \u00e4r \u00f6ppenhetslagen och vad \u00e4r ditt ansvar? Allt om offentlighetslagen\"}]},{\"@type\":\"WebSite\",\"@id\":\"https:\/\/sharecontrol.io\/sv\/#website\",\"url\":\"https:\/\/sharecontrol.io\/sv\/\",\"name\":\"ShareControl\",\"description\":\"\",\"publisher\":{\"@id\":\"https:\/\/sharecontrol.io\/sv\/#organization\"},\"potentialAction\":[{\"@type\":\"SearchAction\",\"target\":{\"@type\":\"EntryPoint\",\"urlTemplate\":\"https:\/\/sharecontrol.io\/sv\/?s={search_term_string}\"},\"query-input\":{\"@type\":\"PropertyValueSpecification\",\"valueRequired\":true,\"valueName\":\"search_term_string\"}}],\"inLanguage\":\"sv-SE\"},{\"@type\":\"Organization\",\"@id\":\"https:\/\/sharecontrol.io\/sv\/#organization\",\"name\":\"ShareControl\",\"url\":\"https:\/\/sharecontrol.io\/sv\/\",\"logo\":{\"@type\":\"ImageObject\",\"inLanguage\":\"sv-SE\",\"@id\":\"https:\/\/sharecontrol.io\/sv\/#\/schema\/logo\/image\/\",\"url\":\"https:\/\/sharecontrol.io\/wp-content\/uploads\/2022\/05\/cropped-logo-sc-default-minified-small.png\",\"contentUrl\":\"https:\/\/sharecontrol.io\/wp-content\/uploads\/2022\/05\/cropped-logo-sc-default-minified-small.png\",\"width\":900,\"height\":200,\"caption\":\"ShareControl\"},\"image\":{\"@id\":\"https:\/\/sharecontrol.io\/sv\/#\/schema\/logo\/image\/\"}},{\"@type\":\"Person\",\"@id\":\"https:\/\/sharecontrol.io\/sv\/#\/schema\/person\/99f5e6698beb16989a49823ce163432f\",\"name\":\"Ragnar Bryne\",\"description\":\"Ragnar Bryne er partner og gr\u00fcnder i Share Control. Ragnar har mer enn 35 \u00e5rs allsidig erfaring fra ulike lederstillinger i en rekke st\u00f8rre nasjonale og internasjonale foretak, samt fra konsulentvirksomhet og gr\u00fcnder av IT-selskap. Erfaring ogs\u00e5 fra KPMG og EY. Siden 2014 har han v\u00e6rt gr\u00fcnder og eier av Share Control og har v\u00e6rt en sterk st\u00f8ttespiller til selskapets virksomhet, produkter og kunder.\",\"sameAs\":[\"https:\/\/sharecontrol.io\",\"https:\/\/www.linkedin.com\/in\/ragnar-bryne-5267023\/\"],\"url\":\"https:\/\/sharecontrol.io\/sv\/author\/ragnar\/\"}]}<\/script>\n<!-- \/ Yoast SEO plugin. -->","yoast_head_json":{"title":"Vad \u00e4r \u00f6ppenhetslagen och vad \u00e4r din skyldighet? Allt om \u00f6ppenhetslagen","description":"Vad \u00e4r \u00f6ppenhetslagen? \u00d6ppenhetslagen \u00e5l\u00e4gger verksamheter en informationsplikt och en skyldighet att genomf\u00f6ra aktsamhetsbed\u00f6mningar.","robots":{"index":"index","follow":"follow","max-snippet":"max-snippet:-1","max-image-preview":"max-image-preview:large","max-video-preview":"max-video-preview:-1"},"canonical":"https:\/\/sharecontrol.io\/sv\/oppenhetslagen\/vad-ar-oppenhetslagen-och-vad-ar-ditt-ansvar\/","og_locale":"sv_SE","og_type":"article","og_title":"Vad \u00e4r \u00f6ppenhetslagen och vad \u00e4r din skyldighet? Allt om \u00f6ppenhetslagen","og_description":"Vad \u00e4r \u00f6ppenhetslagen? \u00d6ppenhetslagen \u00e5l\u00e4gger verksamheter en informationsplikt och en skyldighet att genomf\u00f6ra aktsamhetsbed\u00f6mningar.","og_url":"https:\/\/sharecontrol.io\/sv\/oppenhetslagen\/vad-ar-oppenhetslagen-och-vad-ar-ditt-ansvar\/","og_site_name":"ShareControl","article_published_time":"2023-03-27T17:16:58+00:00","article_modified_time":"2024-09-20T05:56:06+00:00","og_image":[{"width":800,"height":500,"url":"https:\/\/sharecontrol.io\/wp-content\/uploads\/2023\/03\/Hva-er-apenhetsloven.png","type":"image\/png"}],"author":"Ragnar Bryne","twitter_card":"summary_large_image","twitter_misc":{"Skriven av":"Ragnar Bryne","Ber\u00e4knad l\u00e4stid":"13 minuter"},"schema":{"@context":"https:\/\/schema.org","@graph":[{"@type":"Article","@id":"https:\/\/sharecontrol.io\/sv\/oppenhetslagen\/vad-ar-oppenhetslagen-och-vad-ar-ditt-ansvar\/#article","isPartOf":{"@id":"https:\/\/sharecontrol.io\/sv\/oppenhetslagen\/vad-ar-oppenhetslagen-och-vad-ar-ditt-ansvar\/"},"author":{"name":"Ragnar Bryne","@id":"https:\/\/sharecontrol.io\/sv\/#\/schema\/person\/99f5e6698beb16989a49823ce163432f"},"headline":"Vad \u00e4r \u00f6ppenhetslagen och vad \u00e4r din skyldighet? Allt om \u00f6ppenhetslagen","datePublished":"2023-03-27T17:16:58+00:00","dateModified":"2024-09-20T05:56:06+00:00","mainEntityOfPage":{"@id":"https:\/\/sharecontrol.io\/sv\/oppenhetslagen\/vad-ar-oppenhetslagen-och-vad-ar-ditt-ansvar\/"},"wordCount":2978,"publisher":{"@id":"https:\/\/sharecontrol.io\/sv\/#organization"},"image":{"@id":"https:\/\/sharecontrol.io\/sv\/oppenhetslagen\/vad-ar-oppenhetslagen-och-vad-ar-ditt-ansvar\/#primaryimage"},"thumbnailUrl":"https:\/\/sharecontrol.io\/wp-content\/uploads\/2023\/03\/Hva-er-apenhetsloven.png","keywords":["\u00d6ppenhetslagen"],"articleSection":["\u00d6ppenhetslagen"],"inLanguage":"sv-SE"},{"@type":"WebPage","@id":"https:\/\/sharecontrol.io\/sv\/oppenhetslagen\/vad-ar-oppenhetslagen-och-vad-ar-ditt-ansvar\/","url":"https:\/\/sharecontrol.io\/sv\/oppenhetslagen\/vad-ar-oppenhetslagen-och-vad-ar-ditt-ansvar\/","name":"Vad \u00e4r \u00f6ppenhetslagen och vad \u00e4r din skyldighet? Allt om \u00f6ppenhetslagen","isPartOf":{"@id":"https:\/\/sharecontrol.io\/sv\/#website"},"primaryImageOfPage":{"@id":"https:\/\/sharecontrol.io\/sv\/oppenhetslagen\/vad-ar-oppenhetslagen-och-vad-ar-ditt-ansvar\/#primaryimage"},"image":{"@id":"https:\/\/sharecontrol.io\/sv\/oppenhetslagen\/vad-ar-oppenhetslagen-och-vad-ar-ditt-ansvar\/#primaryimage"},"thumbnailUrl":"https:\/\/sharecontrol.io\/wp-content\/uploads\/2023\/03\/Hva-er-apenhetsloven.png","datePublished":"2023-03-27T17:16:58+00:00","dateModified":"2024-09-20T05:56:06+00:00","description":"Vad \u00e4r \u00f6ppenhetslagen? \u00d6ppenhetslagen \u00e5l\u00e4gger verksamheter en informationsplikt och en skyldighet att genomf\u00f6ra aktsamhetsbed\u00f6mningar.","breadcrumb":{"@id":"https:\/\/sharecontrol.io\/sv\/oppenhetslagen\/vad-ar-oppenhetslagen-och-vad-ar-ditt-ansvar\/#breadcrumb"},"inLanguage":"sv-SE","potentialAction":[{"@type":"ReadAction","target":["https:\/\/sharecontrol.io\/sv\/oppenhetslagen\/vad-ar-oppenhetslagen-och-vad-ar-ditt-ansvar\/"]}]},{"@type":"ImageObject","inLanguage":"sv-SE","@id":"https:\/\/sharecontrol.io\/sv\/oppenhetslagen\/vad-ar-oppenhetslagen-och-vad-ar-ditt-ansvar\/#primaryimage","url":"https:\/\/sharecontrol.io\/wp-content\/uploads\/2023\/03\/Hva-er-apenhetsloven.png","contentUrl":"https:\/\/sharecontrol.io\/wp-content\/uploads\/2023\/03\/Hva-er-apenhetsloven.png","width":800,"height":500,"caption":"Hva er a\u030apenhetsloven"},{"@type":"BreadcrumbList","@id":"https:\/\/sharecontrol.io\/sv\/oppenhetslagen\/vad-ar-oppenhetslagen-och-vad-ar-ditt-ansvar\/#breadcrumb","itemListElement":[{"@type":"ListItem","position":1,"name":"Home","item":"https:\/\/sharecontrol.io\/sv\/"},{"@type":"ListItem","position":2,"name":"\u00d6ppenhetslagen","item":"https:\/\/sharecontrol.io\/sv\/category\/oppenhetslagen\/"},{"@type":"ListItem","position":3,"name":"Vad \u00e4r \u00f6ppenhetslagen och vad \u00e4r ditt ansvar? Allt om offentlighetslagen"}]},{"@type":"WebSite","@id":"https:\/\/sharecontrol.io\/sv\/#website","url":"https:\/\/sharecontrol.io\/sv\/","name":"ShareControl","description":"","publisher":{"@id":"https:\/\/sharecontrol.io\/sv\/#organization"},"potentialAction":[{"@type":"SearchAction","target":{"@type":"EntryPoint","urlTemplate":"https:\/\/sharecontrol.io\/sv\/?s={search_term_string}"},"query-input":{"@type":"PropertyValueSpecification","valueRequired":true,"valueName":"search_term_string"}}],"inLanguage":"sv-SE"},{"@type":"Organization","@id":"https:\/\/sharecontrol.io\/sv\/#organization","name":"ShareControl","url":"https:\/\/sharecontrol.io\/sv\/","logo":{"@type":"ImageObject","inLanguage":"sv-SE","@id":"https:\/\/sharecontrol.io\/sv\/#\/schema\/logo\/image\/","url":"https:\/\/sharecontrol.io\/wp-content\/uploads\/2022\/05\/cropped-logo-sc-default-minified-small.png","contentUrl":"https:\/\/sharecontrol.io\/wp-content\/uploads\/2022\/05\/cropped-logo-sc-default-minified-small.png","width":900,"height":200,"caption":"ShareControl"},"image":{"@id":"https:\/\/sharecontrol.io\/sv\/#\/schema\/logo\/image\/"}},{"@type":"Person","@id":"https:\/\/sharecontrol.io\/sv\/#\/schema\/person\/99f5e6698beb16989a49823ce163432f","name":"Ragnar Bryne","description":"Ragnar Bryne er partner og gr\u00fcnder i Share Control. Ragnar har mer enn 35 \u00e5rs allsidig erfaring fra ulike lederstillinger i en rekke st\u00f8rre nasjonale og internasjonale foretak, samt fra konsulentvirksomhet og gr\u00fcnder av IT-selskap. Erfaring ogs\u00e5 fra KPMG og EY. Siden 2014 har han v\u00e6rt gr\u00fcnder og eier av Share Control og har v\u00e6rt en sterk st\u00f8ttespiller til selskapets virksomhet, produkter og kunder.","sameAs":["https:\/\/sharecontrol.io","https:\/\/www.linkedin.com\/in\/ragnar-bryne-5267023\/"],"url":"https:\/\/sharecontrol.io\/sv\/author\/ragnar\/"}]}},"uagb_featured_image_src":{"full":["https:\/\/sharecontrol.io\/wp-content\/uploads\/2023\/03\/Hva-er-apenhetsloven.png",800,500,false],"thumbnail":["https:\/\/sharecontrol.io\/wp-content\/uploads\/2023\/03\/Hva-er-apenhetsloven-150x150.png",150,150,true],"medium":["https:\/\/sharecontrol.io\/wp-content\/uploads\/2023\/03\/Hva-er-apenhetsloven-300x188.png",300,188,true],"medium_large":["https:\/\/sharecontrol.io\/wp-content\/uploads\/2023\/03\/Hva-er-apenhetsloven-768x480.png",768,480,true],"large":["https:\/\/sharecontrol.io\/wp-content\/uploads\/2023\/03\/Hva-er-apenhetsloven.png",800,500,false],"1536x1536":["https:\/\/sharecontrol.io\/wp-content\/uploads\/2023\/03\/Hva-er-apenhetsloven.png",800,500,false],"2048x2048":["https:\/\/sharecontrol.io\/wp-content\/uploads\/2023\/03\/Hva-er-apenhetsloven.png",800,500,false]},"uagb_author_info":{"display_name":"Ragnar Bryne","author_link":"https:\/\/sharecontrol.io\/sv\/author\/ragnar\/"},"uagb_comment_info":0,"uagb_excerpt":"Vad \u00e4r \u00f6ppenhetslagen? \u00d6ppenhetslagen \u00e4r en norsk lag som tr\u00e4dde i kraft den 1 juli 2022. Lagen \u00e5l\u00e4gger medelstora och st\u00f6rre f\u00f6retag att kartl\u00e4gga risken f\u00f6r kr\u00e4nkningar av m\u00e4nskliga r\u00e4ttigheter i hela sin leverant\u00f6rskedja. Lagen kr\u00e4ver ocks\u00e5 att f\u00f6retagen rapporterar om fynden och \u00e5tg\u00e4rdar eventuella skador. Syftet med lagen \u00e4r att fr\u00e4mja f\u00f6retagens respekt f\u00f6r&hellip;","_links":{"self":[{"href":"https:\/\/sharecontrol.io\/sv\/wp-json\/wp\/v2\/posts\/8796","targetHints":{"allow":["GET"]}}],"collection":[{"href":"https:\/\/sharecontrol.io\/sv\/wp-json\/wp\/v2\/posts"}],"about":[{"href":"https:\/\/sharecontrol.io\/sv\/wp-json\/wp\/v2\/types\/post"}],"author":[{"embeddable":true,"href":"https:\/\/sharecontrol.io\/sv\/wp-json\/wp\/v2\/users\/5"}],"replies":[{"embeddable":true,"href":"https:\/\/sharecontrol.io\/sv\/wp-json\/wp\/v2\/comments?post=8796"}],"version-history":[{"count":23,"href":"https:\/\/sharecontrol.io\/sv\/wp-json\/wp\/v2\/posts\/8796\/revisions"}],"predecessor-version":[{"id":15491,"href":"https:\/\/sharecontrol.io\/sv\/wp-json\/wp\/v2\/posts\/8796\/revisions\/15491"}],"wp:featuredmedia":[{"embeddable":true,"href":"https:\/\/sharecontrol.io\/sv\/wp-json\/wp\/v2\/media\/8775"}],"wp:attachment":[{"href":"https:\/\/sharecontrol.io\/sv\/wp-json\/wp\/v2\/media?parent=8796"}],"wp:term":[{"taxonomy":"category","embeddable":true,"href":"https:\/\/sharecontrol.io\/sv\/wp-json\/wp\/v2\/categories?post=8796"},{"taxonomy":"post_tag","embeddable":true,"href":"https:\/\/sharecontrol.io\/sv\/wp-json\/wp\/v2\/tags?post=8796"}],"curies":[{"name":"wp","href":"https:\/\/api.w.org\/{rel}","templated":true}]}}